{"id":16171,"date":"2016-07-12T14:52:37","date_gmt":"2016-07-12T17:52:37","guid":{"rendered":"http:\/\/catolicanet.net\/wp-cnet\/2016\/07\/12\/campeao-da-eurocopa-tecnico-de-portugal-comemora-com-missa-e-biblia\/"},"modified":"2017-05-31T10:03:20","modified_gmt":"2017-05-31T13:03:20","slug":"campeao-da-eurocopa-tecnico-de-portugal-comemora-com-missa-e-biblia","status":"publish","type":"post","link":"https:\/\/catolicanet.net\/wp-cnet\/campeao-da-eurocopa-tecnico-de-portugal-comemora-com-missa-e-biblia\/","title":{"rendered":"Campe\u00e3o da Eurocopa, t\u00e9cnico de Portugal comemora com Missa e B\u00edblia!"},"content":{"rendered":"<p style=\"text-align: justify;\"><img decoding=\"async\" src=\"http:\/\/www.catolicanet.com.br\/images\/stories\/noticias\/fernando-santos-ptgal.jpg\" border=\"0\" align=\"left\" \/>Deus \u00e9 a b\u00fassola da vida de Fernando Santos, o comandante da maior vit\u00f3ria do futebol portugu\u00eas<\/p>\n<p>Ele \u00e9 o homem concreto, dedicado, acostumado a n\u00e3o ganhar nada de ningu\u00e9m, nem no campo, nem na vida. Ele \u00e9 o cat\u00f3lico da missa de domingo, e de todo domingo, de manh\u00e3. Ele \u00e9 o marido que ama Guilhermina, sua \u00fanica esposa. Ele \u00e9 o pai carinhoso de C\u00e1tia e Pedro. Ele \u00e9 o amigo que gosta de pescar e de jogar futebol, uma paix\u00e3o que, no entanto, \u201cn\u00e3o conta nada quando comparada aos verdadeiros valores da vida, como a paternidade e a amizade. Nada, zero\u201d (cf. Il Fatto Quotidiano, 9 de julho de 2016).<\/p>\n<p>O FUTEBOL NUNCA VEM EM PRIMEIRO LUGAR<\/p>\n<p>Dizem dele que \u00e9 um homem tranquilo, que considera o futebol um jogo simples \u2013 como todas as pessoas pr\u00e1ticas. Para ele, \u00e9 algo natural, talvez porque nunca tenha colocado a bola em primeiro lugar \u2013 nem mesmo quando jogava: foi um fiel defensor do Benfica, mas sempre compartilhando esse papel com a dedica\u00e7\u00e3o \u00e0 faculdade de engenharia. N\u00e3o por acaso, as suas primeiras palavras depois da final hist\u00f3rica deste domingo foram para a esposa, para os filhos e para Deus (cf. La Repubblica, 11 de julho de 2016).<\/p>\n<p>CAT\u00d3LICO DE MISSA E B\u00cdBLIA<\/p>\n<p>Fernando Santos n\u00e3o podia deixar de dedicar a hist\u00f3rica vit\u00f3ria \u00e0 fam\u00edlia \u2013 especialmente a seu pai, \u201cque est\u00e1 festejando com Deus\u201d (cf. tsf.pt, 8 de julho de 2016).<\/p>\n<p>Para ele, \u201cser cat\u00f3lico \u00e9 um compromisso s\u00e9rio\u201d. Como explicou na s\u00e9rie de encontros sobre Deus organizados pela comunidade Capela do Rato, em Lisboa, a ora\u00e7\u00e3o \u00e9 a primeira coisa que faz quando acorda. Logo em seguida vem a leitura de alguns trechos da B\u00edblia, proclamados na missa do dia; missa da qual ele tenta participar tanto em Portugal quanto no exterior: aos domingos, n\u00e3o falta nunca.<\/p>\n<p>Sua juventude, diz ele, n\u00e3o foi \u201cmuito de acordo\u201d com Nosso Senhor: sua rela\u00e7\u00e3o com a f\u00e9 era superficial, de ouvir e depois afastar-se, embora nunca negligenciasse a ora\u00e7\u00e3o que fazia antes de dormir.<\/p>\n<p>Veio depois o casamento na igreja, o batismo dos filhos, mas ele ainda n\u00e3o se sentia muito pr\u00f3ximo de Deus.<\/p>\n<p>A mudan\u00e7a veio quando acompanhou de perto a prepara\u00e7\u00e3o da filha para o sacramento da confirma\u00e7\u00e3o.<br \/>Naquele per\u00edodo, conta Santos, \u201ccompreendi que Cristo est\u00e1 vivo em cada um de n\u00f3s\u201d. Foi quando ele come\u00e7ou a ler a B\u00edblia. Foi quando a sua vida chegou ao ponto da virada.<\/p>\n<p>O \u201cALGO MAIS\u201d DO PAPA FRANCISCO<\/p>\n<p>Fernando Santos conta que tem um grande apre\u00e7o pelos papas S\u00e3o Jo\u00e3o Paulo II e Bento XVI, mas considera que Francisco \u201ctraz algo de grandioso\u201d ao mundo atual: para ele, muitos cat\u00f3licos \u201cprecisavam de uma pessoa com a experi\u00eancia de Francisco\u201d (cf. snpcultura.org, 5 de dezembro de 2015).<\/p>\n<p>Esta \u00e9 uma faceta pouco midi\u00e1tica, mas muito genu\u00edna e profunda, do homem que, neste domingo, fez hist\u00f3ria ao levar a sele\u00e7\u00e3o portuguesa de futebol ao seu maior t\u00edtulo em todos os tempos. Uma vit\u00f3ria que ele faz quest\u00e3o de dedicar, acima de tudo, a Deus e \u00e0 fam\u00edlia.<\/p>\n<p style=\"text-align: justify;\">\u00a0<\/p>\n<p style=\"text-align: justify;\">Fonte: Aleteia<\/p>\n","protected":false},"excerpt":{"rendered":"<p>Deus \u00e9 a b\u00fassola da vida de Fernando Santos, o comandante da maior vit\u00f3ria do futebol portugu\u00eas Ele \u00e9 o homem concreto, dedicado, acostumado a n\u00e3o ganhar nada de ningu\u00e9m, nem no campo, nem na vida. Ele \u00e9 o cat\u00f3lico da missa de domingo, e de todo domingo, de manh\u00e3. Ele \u00e9 o marido que [&hellip;]<\/p>\n","protected":false},"author":1,"featured_media":16170,"comment_status":"open","ping_status":"open","sticky":false,"template":"","format":"standard","meta":{"footnotes":""},"categories":[4],"tags":[],"class_list":["post-16171","post","type-post","status-publish","format-standard","has-post-thumbnail","hentry","category-cotidiano"],"_links":{"self":[{"href":"https:\/\/catolicanet.net\/wp-cnet\/wp-json\/wp\/v2\/posts\/16171","targetHints":{"allow":["GET"]}}],"collection":[{"href":"https:\/\/catolicanet.net\/wp-cnet\/wp-json\/wp\/v2\/posts"}],"about":[{"href":"https:\/\/catolicanet.net\/wp-cnet\/wp-json\/wp\/v2\/types\/post"}],"author":[{"embeddable":true,"href":"https:\/\/catolicanet.net\/wp-cnet\/wp-json\/wp\/v2\/users\/1"}],"replies":[{"embeddable":true,"href":"https:\/\/catolicanet.net\/wp-cnet\/wp-json\/wp\/v2\/comments?post=16171"}],"version-history":[{"count":1,"href":"https:\/\/catolicanet.net\/wp-cnet\/wp-json\/wp\/v2\/posts\/16171\/revisions"}],"predecessor-version":[{"id":25589,"href":"https:\/\/catolicanet.net\/wp-cnet\/wp-json\/wp\/v2\/posts\/16171\/revisions\/25589"}],"wp:featuredmedia":[{"embeddable":true,"href":"https:\/\/catolicanet.net\/wp-cnet\/wp-json\/wp\/v2\/media\/16170"}],"wp:attachment":[{"href":"https:\/\/catolicanet.net\/wp-cnet\/wp-json\/wp\/v2\/media?parent=16171"}],"wp:term":[{"taxonomy":"category","embeddable":true,"href":"https:\/\/catolicanet.net\/wp-cnet\/wp-json\/wp\/v2\/categories?post=16171"},{"taxonomy":"post_tag","embeddable":true,"href":"https:\/\/catolicanet.net\/wp-cnet\/wp-json\/wp\/v2\/tags?post=16171"}],"curies":[{"name":"wp","href":"https:\/\/api.w.org\/{rel}","templated":true}]}}