{"id":16165,"date":"2016-07-12T14:04:59","date_gmt":"2016-07-12T17:04:59","guid":{"rendered":"http:\/\/catolicanet.net\/wp-cnet\/2016\/07\/12\/africazimbabue-preso-o-lider-do-movimento-de-protesto-o-pastor-batista-evan-mawarire\/"},"modified":"2017-05-31T10:03:21","modified_gmt":"2017-05-31T13:03:21","slug":"africazimbabue-preso-o-lider-do-movimento-de-protesto-o-pastor-batista-evan-mawarire","status":"publish","type":"post","link":"https:\/\/catolicanet.net\/wp-cnet\/africazimbabue-preso-o-lider-do-movimento-de-protesto-o-pastor-batista-evan-mawarire\/","title":{"rendered":"\u00c1FRICA\/ZIMB\u00c1BUE &#8211; Preso o l\u00edder do movimento de protesto, o pastor batista Evan Mawarire"},"content":{"rendered":"<p style=\"text-align: justify;\"><img decoding=\"async\" src=\"http:\/\/www.catolicanet.com.br\/images\/stories\/noticias\/primopiano_2087.jpg\" border=\"0\" align=\"left\" \/>Harare (Ag\u00eancia Fides) \u2013 Est\u00e1 assumindo a forma dos movimentos de protesto vistos em a\u00e7\u00e3o nas chamadas \u201cRevolu\u00e7\u00f5es coloridas\u201d no leste da Europa e nas \u201cprimaveras \u00e1rabes\u201d o que foi organizado em Zimb\u00e1bue por Evan Mawarire, um pastor batista, que foi preso em 12 de julho.<br \/>Em 6 de julho, o movimento de Mawarire, chamado #ThisFlag, convidou a popula\u00e7\u00e3o \u00e0 greve geral para protestar contra a falta de servi\u00e7os p\u00fablicos, o alto \u00edndice de desemprego (85%), a corrup\u00e7\u00e3o alastrante e os atrasos no pagamento dos sal\u00e1rios p\u00fablicos.<br \/>A presen\u00e7a da hashtag (#) no s\u00edmbolo do movimento \u00e9 indicativo do fato de que este se baseia na sua campanha nos meios de comunica\u00e7\u00e3o, como Twitter e Facebook.<br \/>Outros movimentos de protesto contra o Presidente Robert Mugabe, no poder desde 1980, nasceram recentemente nas m\u00eddias sociais, como Tajamuka (\u201cRejeitamos\u201d, em l\u00edngua Shona), que organizou algumas manifesta\u00e7\u00f5es no m\u00eas passado.<br \/>As condi\u00e7\u00f5es econ\u00f4micas de Zimb\u00e1bue, um pa\u00eds antigamente pr\u00f3spero, pioraram na \u00faltima d\u00e9cada, sobretudo desde que Mugabe confiscou as terras pertencentes aos descendentes dos colonos europeus para entreg\u00e1-las a seus partid\u00e1rios com crit\u00e9rios subjetivos, com a consequente queda da produ\u00e7\u00e3o.<br \/>A seca que atingiu a regi\u00e3o acentuou as dificuldades econ\u00f4micas, enquanto a corrup\u00e7\u00e3o parece fora de controle, com a pol\u00edcia que estabelece postos de bloqueio ilegais com a finalidade de extorquir os pedestres e os motoristas.<br \/>Por fim, no que diz respeito ao plano financeiro, h\u00e1 anos o pa\u00eds convive com alt\u00edssimas taxas de infla\u00e7\u00e3o.<\/p>\n<p style=\"text-align: justify;\">\u00a0<\/p>\n<p style=\"text-align: justify;\">Fonte: Ag\u00eancia Fides<\/p>\n","protected":false},"excerpt":{"rendered":"<p>Harare (Ag\u00eancia Fides) \u2013 Est\u00e1 assumindo a forma dos movimentos de protesto vistos em a\u00e7\u00e3o nas chamadas \u201cRevolu\u00e7\u00f5es coloridas\u201d no leste da Europa e nas \u201cprimaveras \u00e1rabes\u201d o que foi organizado em Zimb\u00e1bue por Evan Mawarire, um pastor batista, que foi preso em 12 de julho.Em 6 de julho, o movimento de Mawarire, chamado #ThisFlag, [&hellip;]<\/p>\n","protected":false},"author":1,"featured_media":16164,"comment_status":"open","ping_status":"open","sticky":false,"template":"","format":"standard","meta":{"footnotes":""},"categories":[4],"tags":[],"class_list":["post-16165","post","type-post","status-publish","format-standard","has-post-thumbnail","hentry","category-cotidiano"],"_links":{"self":[{"href":"https:\/\/catolicanet.net\/wp-cnet\/wp-json\/wp\/v2\/posts\/16165","targetHints":{"allow":["GET"]}}],"collection":[{"href":"https:\/\/catolicanet.net\/wp-cnet\/wp-json\/wp\/v2\/posts"}],"about":[{"href":"https:\/\/catolicanet.net\/wp-cnet\/wp-json\/wp\/v2\/types\/post"}],"author":[{"embeddable":true,"href":"https:\/\/catolicanet.net\/wp-cnet\/wp-json\/wp\/v2\/users\/1"}],"replies":[{"embeddable":true,"href":"https:\/\/catolicanet.net\/wp-cnet\/wp-json\/wp\/v2\/comments?post=16165"}],"version-history":[{"count":1,"href":"https:\/\/catolicanet.net\/wp-cnet\/wp-json\/wp\/v2\/posts\/16165\/revisions"}],"predecessor-version":[{"id":25592,"href":"https:\/\/catolicanet.net\/wp-cnet\/wp-json\/wp\/v2\/posts\/16165\/revisions\/25592"}],"wp:featuredmedia":[{"embeddable":true,"href":"https:\/\/catolicanet.net\/wp-cnet\/wp-json\/wp\/v2\/media\/16164"}],"wp:attachment":[{"href":"https:\/\/catolicanet.net\/wp-cnet\/wp-json\/wp\/v2\/media?parent=16165"}],"wp:term":[{"taxonomy":"category","embeddable":true,"href":"https:\/\/catolicanet.net\/wp-cnet\/wp-json\/wp\/v2\/categories?post=16165"},{"taxonomy":"post_tag","embeddable":true,"href":"https:\/\/catolicanet.net\/wp-cnet\/wp-json\/wp\/v2\/tags?post=16165"}],"curies":[{"name":"wp","href":"https:\/\/api.w.org\/{rel}","templated":true}]}}