{"id":16163,"date":"2016-07-12T13:59:13","date_gmt":"2016-07-12T16:59:13","guid":{"rendered":"http:\/\/catolicanet.net\/wp-cnet\/2016\/07\/12\/africasudao-do-sul-corre-se-o-risco-de-um-genocidio-a-comunidade-internacional-deve-intervir-rapidamente-para-dete-lo-alarme-de-juba\/"},"modified":"2017-05-31T10:03:21","modified_gmt":"2017-05-31T13:03:21","slug":"africasudao-do-sul-corre-se-o-risco-de-um-genocidio-a-comunidade-internacional-deve-intervir-rapidamente-para-dete-lo-alarme-de-juba","status":"publish","type":"post","link":"https:\/\/catolicanet.net\/wp-cnet\/africasudao-do-sul-corre-se-o-risco-de-um-genocidio-a-comunidade-internacional-deve-intervir-rapidamente-para-dete-lo-alarme-de-juba\/","title":{"rendered":"\u00c1FRICA\/SUD\u00c3O DO SUL &#8211; \u201cCorre-se o risco de um genoc\u00eddio! A comunidade internacional deve intervir rapidamente para det\u00ea-lo\u201d: alarme de Juba"},"content":{"rendered":"<p style=\"text-align: justify;\"><img decoding=\"async\" src=\"http:\/\/www.catolicanet.com.br\/images\/stories\/noticias\/primopiano_2077.jpg\" border=\"0\" align=\"left\" \/>Juba (Ag\u00eancia Fides) &#8211; \u201cH\u00e1 o risco de um genoc\u00eddio no Sud\u00e3o do Sul. Escrevam-no com letras mai\u00fasculas para que algu\u00e9m da comunidade internacional intervenha antes que seja tarde demais\u201d. Este \u00e9 o apelo lan\u00e7ado pela Ag\u00eancia Fides por uma fonte da Igreja no Sud\u00e3o do Sul, cujo nome omitimos por motivo de seguran\u00e7a. \u201cQuando os combates com armas pesadas cessam, come\u00e7am os massacres contra membros da etnia rival. N\u00f3s o vimos muitas vezes em outras cidades do Sud\u00e3o do Sul durante a guerra civil que se acreditava acabada com os acordos de paz de agosto de 2015, mas agora os combates come\u00e7aram na capital, Juba, e o risco \u00e9 que o pa\u00eds naufrague em um verdadeiro genoc\u00eddio\u201d, explicam nossas fontes.<br \/>Em Juba, o confronto \u00e9 entre os militares fi\u00e9is ao Presidente Salva Kiir e os ex-milicianos do Primeiro Vice-Presidente Riek Machar, que se confrontaram entre dezembro de 2013 e agosto de 2015. Com base nos acordos de paz, Machar se tornou Vice-Presidente com o direito de levar a Juba 1.500 homens de reserva. Em 8 de julho eclodiram os combates entre as duas fac\u00f5es que, segundo a imprensa, provocaram at\u00e9 agora a morte de cerca de 300 pessoas.<br \/>\u201cOntem, domingo, 10 de julho, foi um dia terr\u00edvel\u201d, informa a fonte da Fides. \u201cOs combates come\u00e7aram \u00e0s 8h30 e duraram at\u00e9 \u00e0s 20h, quando come\u00e7ou a cair uma forte chuva sobre a capital. Talvez o Senhor tenha tido piedade e os combates cessaram. Esta manh\u00e3, os conflitos recome\u00e7aram, mas neste momento parece haver uma tr\u00e9gua. As tropas do governo usam armas pesadas e helic\u00f3pteros para bombardear as posi\u00e7\u00f5es rebeldes\u201d.<br \/>\u201cFoi atingido duramente o campo da ONU onde milhares de pessoas est\u00e3o abrigadas. Um homem chin\u00eas do contingente dos capacetes azuis morreu, atingido por uma granada\u2019. \u201cO desastre provocado por pol\u00edticos que n\u00e3o cuidam do pr\u00f3prio povo \u00e9 assustador e inimagin\u00e1vel\u201d, afirma a fonte. \u201cAgora est\u00e3o destruindo tamb\u00e9m a capital, que era a \u00fanica cidade ainda intacta\u201d. N\u00e3o perpetram apenas combates, mas tamb\u00e9m efetuam saques, antes e depois\u201d, afirma ainda a fonte da Fides. \u201cO pertencente da etnia advers\u00e1ria \u00e9 visto como inimigo. Por isso, tememos um genoc\u00eddio com base \u00e9tnica\u201d sublinha a nossa fonte, que conclui: \u201cEspero que amanh\u00e3 os jornalistas n\u00e3o sejam obrigados a escrever, j\u00e1 inutilmente, sobre o \u2018genoc\u00eddio sul-sudan\u00eas\u2019. Temos ainda a possibilidade de impedi-lo, mas \u00e9 preciso faz\u00ea-lo rapidamente. \u00c9 preciso tamb\u00e9m que a comunidade internacional intervenha, inclusive com a for\u00e7a, antes que seja tarde demais\u201d.<\/p>\n<p style=\"text-align: justify;\">\u00a0<\/p>\n<p style=\"text-align: justify;\">Fonte: Ag\u00eancia Fides<\/p>\n<p style=\"text-align: justify;\">\u00a0<\/p>\n<p style=\"text-align: justify;\">\u00a0<\/p>\n","protected":false},"excerpt":{"rendered":"<p>Juba (Ag\u00eancia Fides) &#8211; \u201cH\u00e1 o risco de um genoc\u00eddio no Sud\u00e3o do Sul. Escrevam-no com letras mai\u00fasculas para que algu\u00e9m da comunidade internacional intervenha antes que seja tarde demais\u201d. Este \u00e9 o apelo lan\u00e7ado pela Ag\u00eancia Fides por uma fonte da Igreja no Sud\u00e3o do Sul, cujo nome omitimos por motivo de seguran\u00e7a. \u201cQuando [&hellip;]<\/p>\n","protected":false},"author":1,"featured_media":16162,"comment_status":"open","ping_status":"open","sticky":false,"template":"","format":"standard","meta":{"footnotes":""},"categories":[4],"tags":[],"class_list":["post-16163","post","type-post","status-publish","format-standard","has-post-thumbnail","hentry","category-cotidiano"],"_links":{"self":[{"href":"https:\/\/catolicanet.net\/wp-cnet\/wp-json\/wp\/v2\/posts\/16163","targetHints":{"allow":["GET"]}}],"collection":[{"href":"https:\/\/catolicanet.net\/wp-cnet\/wp-json\/wp\/v2\/posts"}],"about":[{"href":"https:\/\/catolicanet.net\/wp-cnet\/wp-json\/wp\/v2\/types\/post"}],"author":[{"embeddable":true,"href":"https:\/\/catolicanet.net\/wp-cnet\/wp-json\/wp\/v2\/users\/1"}],"replies":[{"embeddable":true,"href":"https:\/\/catolicanet.net\/wp-cnet\/wp-json\/wp\/v2\/comments?post=16163"}],"version-history":[{"count":1,"href":"https:\/\/catolicanet.net\/wp-cnet\/wp-json\/wp\/v2\/posts\/16163\/revisions"}],"predecessor-version":[{"id":25593,"href":"https:\/\/catolicanet.net\/wp-cnet\/wp-json\/wp\/v2\/posts\/16163\/revisions\/25593"}],"wp:featuredmedia":[{"embeddable":true,"href":"https:\/\/catolicanet.net\/wp-cnet\/wp-json\/wp\/v2\/media\/16162"}],"wp:attachment":[{"href":"https:\/\/catolicanet.net\/wp-cnet\/wp-json\/wp\/v2\/media?parent=16163"}],"wp:term":[{"taxonomy":"category","embeddable":true,"href":"https:\/\/catolicanet.net\/wp-cnet\/wp-json\/wp\/v2\/categories?post=16163"},{"taxonomy":"post_tag","embeddable":true,"href":"https:\/\/catolicanet.net\/wp-cnet\/wp-json\/wp\/v2\/tags?post=16163"}],"curies":[{"name":"wp","href":"https:\/\/api.w.org\/{rel}","templated":true}]}}