{"id":16153,"date":"2016-07-12T13:14:33","date_gmt":"2016-07-12T16:14:33","guid":{"rendered":"http:\/\/catolicanet.net\/wp-cnet\/2016\/07\/12\/jovens-de-varsovia-contam-como-estao-os-preparativos-para-os-dias-nas-dioceses\/"},"modified":"2017-05-31T10:03:22","modified_gmt":"2017-05-31T13:03:22","slug":"jovens-de-varsovia-contam-como-estao-os-preparativos-para-os-dias-nas-dioceses","status":"publish","type":"post","link":"https:\/\/catolicanet.net\/wp-cnet\/jovens-de-varsovia-contam-como-estao-os-preparativos-para-os-dias-nas-dioceses\/","title":{"rendered":"Jovens de Vars\u00f3via contam como est\u00e3o os preparativos para os Dias nas Dioceses"},"content":{"rendered":"<p style=\"text-align: justify;\"><img decoding=\"async\" src=\"http:\/\/www.catolicanet.com.br\/images\/stories\/noticias\/img_20160623_104634349_hdr-1024x768.jpg\" border=\"0\" align=\"left\" \/>A poucos dias da pr\u00f3xima edi\u00e7\u00e3o do maior evento cat\u00f3lico do mundo, a JMJ, o comit\u00ea organizador dos Dias nas Dioceses em Vars\u00f3via abriu as portas para nos contarem como est\u00e3o os preparativos.<\/p>\n<p>Os trabalhos de prepara\u00e7\u00e3o para receberem peregrinos internacionais come\u00e7aram ainda em 2013, com divulga\u00e7\u00e3o nas missas e an\u00fancios de que precisariam do apoio da comunidade, para abrirem suas casas para os peregrinos. A propaganda era convincente: a cidade de Vars\u00f3via \u00e9 uma grande cidade com aproximadamente dois milh\u00f5es de pessoas e repleta de fatos hist\u00f3ricos \u2013 por isso, seria um grande ponto de acolhida de peregrinos para a semana que antecede a JMJ, em Crac\u00f3via.<\/p>\n<p>Um dos respons\u00e1veis pela comunica\u00e7\u00e3o do evento, \u0141ukasz Sawicki, esteve presente na ultima Jornada Mundial da Juventude e, para ele, o desejo de ser volunt\u00e1rio come\u00e7ou quando o papa Francisco anunciou que a pr\u00f3xima jornada seria em seu pa\u00eds. Naquele momento, \u0141ukasz conta que desejou receber peregrinos em sua cidade com o mesmo acolhimento que ele recebeu em Curitiba e no Rio de Janeiro.<\/p>\n<p>Segundo ele, que nos recebeu com disposi\u00e7\u00e3o, sorvete e at\u00e9 chimarr\u00e3o (trazido pelo grupo de Curitiba), \u0141ukasz diz que muitos jovens voltaram a frequentar a igreja e agora est\u00e3o engajados participando de reuni\u00f5es e encontros semanais de ora\u00e7\u00e3o pela JMJ. \u201cOs jovens est\u00e3o felizes porque encontram novamente um espa\u00e7o para eles na Igreja\u201d, ressalta.<\/p>\n<p>Trabalho conjunto<\/p>\n<p>Os volunt\u00e1rios s\u00e3o divididos em equipes como comunica\u00e7\u00e3o, m\u00eddia online, log\u00edstica, finan\u00e7as e um grupo especial para tradu\u00e7\u00e3o de subs\u00eddios para oito l\u00ednguas diferentes, totalizando cerca de 70 volunt\u00e1rios. Ainda h\u00e1 os que trabalham em suas par\u00f3quias arrecadando dinheiro por meio de a\u00e7\u00f5es como venda de bolos ap\u00f3s as missas, feiras de artesanato, workshops e outros eventos. O dinheiro arrecadado \u00e9 para oferecer melhor condi\u00e7\u00f5es para os peregrinos. S\u00e3o esperados at\u00e9 11 mil peregrinos, vindos de 68 pa\u00edses diferentes que ter\u00e3o uma semana com uma extensa programa\u00e7\u00e3o com ora\u00e7\u00e3o, cultura, hist\u00f3ria de santos Poloneses e shows espalhados pela cidade.<\/p>\n<p>Um fato curioso \u00e9 que grande parte dos volunt\u00e1rios em Vars\u00f3via tem mais de 70 anos de idade. O respons\u00e1vel pela log\u00edstica do evento, \u0141ukasz Lu\u015bnia, diz que, em sua par\u00f3quia, os idosos est\u00e3o bastante empolgados e engajados no trabalho com os jovens. Quando perguntado sobre como era o trabalho conjunto entre as duas gera\u00e7\u00f5es, ele responde com alegria: \u201cn\u00e3o tem barreiras. Todos est\u00e3o dispostos a servir; elas (as senhoras idosas) me chamam at\u00e9 de filho quando eu estou l\u00e1, e isso \u00e9 obra do Esp\u00edrito Santo\u201d.<\/p>\n<p>Desafio<\/p>\n<p>Um dos pontos mais desafiadores para as par\u00f3quias ap\u00f3s a JMJ \u00e9 manter os jovens engajados. O padre e coordenador do evento na capital polonesa quer continuar com os encontros semanais para que estes e outros jovens continuem utilizando o espa\u00e7o que eles conquistaram nas comunidades, com a oportunidade de prepar\u00e1-los para a pr\u00f3xima jornada \u2013 que ele sutilmente deixou escapar: possivelmente, na \u00c1sia ou Am\u00e9rica do Norte.<\/p>\n<p>Os peregrinos, e agora volunt\u00e1rios da JMJ 2016, fizeram quest\u00e3o de refor\u00e7ar que a principal inspira\u00e7\u00e3o para eles foi o acolhimento que eles receberam no Brasil e que a Semana Mission\u00e1ria, em especial mudou a vida dos quatro organizadores e de muitos outros amigos que estavam juntos naquela ocasi\u00e3o. Agora, eles t\u00eam a oportunidade de continuar o trabalho mission\u00e1rio a que Francisco chamou: ide e fazei disc\u00edpulos entre todas as na\u00e7\u00f5es.<\/p>\n<p>Por: Sandro Mysczak \u2013 jovem, educador e apaixonado pela juventude. Brasileiro morando em Vars\u00f3via.<\/p>\n<p style=\"text-align: justify;\">\u00a0<\/p>\n<p style=\"text-align: justify;\">Fonte: R\u00e1dio Vaticano<\/p>\n","protected":false},"excerpt":{"rendered":"<p>A poucos dias da pr\u00f3xima edi\u00e7\u00e3o do maior evento cat\u00f3lico do mundo, a JMJ, o comit\u00ea organizador dos Dias nas Dioceses em Vars\u00f3via abriu as portas para nos contarem como est\u00e3o os preparativos. Os trabalhos de prepara\u00e7\u00e3o para receberem peregrinos internacionais come\u00e7aram ainda em 2013, com divulga\u00e7\u00e3o nas missas e an\u00fancios de que precisariam do [&hellip;]<\/p>\n","protected":false},"author":1,"featured_media":16152,"comment_status":"open","ping_status":"open","sticky":false,"template":"","format":"standard","meta":{"footnotes":""},"categories":[4],"tags":[],"class_list":["post-16153","post","type-post","status-publish","format-standard","has-post-thumbnail","hentry","category-cotidiano"],"_links":{"self":[{"href":"https:\/\/catolicanet.net\/wp-cnet\/wp-json\/wp\/v2\/posts\/16153","targetHints":{"allow":["GET"]}}],"collection":[{"href":"https:\/\/catolicanet.net\/wp-cnet\/wp-json\/wp\/v2\/posts"}],"about":[{"href":"https:\/\/catolicanet.net\/wp-cnet\/wp-json\/wp\/v2\/types\/post"}],"author":[{"embeddable":true,"href":"https:\/\/catolicanet.net\/wp-cnet\/wp-json\/wp\/v2\/users\/1"}],"replies":[{"embeddable":true,"href":"https:\/\/catolicanet.net\/wp-cnet\/wp-json\/wp\/v2\/comments?post=16153"}],"version-history":[{"count":1,"href":"https:\/\/catolicanet.net\/wp-cnet\/wp-json\/wp\/v2\/posts\/16153\/revisions"}],"predecessor-version":[{"id":25596,"href":"https:\/\/catolicanet.net\/wp-cnet\/wp-json\/wp\/v2\/posts\/16153\/revisions\/25596"}],"wp:featuredmedia":[{"embeddable":true,"href":"https:\/\/catolicanet.net\/wp-cnet\/wp-json\/wp\/v2\/media\/16152"}],"wp:attachment":[{"href":"https:\/\/catolicanet.net\/wp-cnet\/wp-json\/wp\/v2\/media?parent=16153"}],"wp:term":[{"taxonomy":"category","embeddable":true,"href":"https:\/\/catolicanet.net\/wp-cnet\/wp-json\/wp\/v2\/categories?post=16153"},{"taxonomy":"post_tag","embeddable":true,"href":"https:\/\/catolicanet.net\/wp-cnet\/wp-json\/wp\/v2\/tags?post=16153"}],"curies":[{"name":"wp","href":"https:\/\/api.w.org\/{rel}","templated":true}]}}