{"id":16151,"date":"2016-07-12T13:04:06","date_gmt":"2016-07-12T16:04:06","guid":{"rendered":"http:\/\/catolicanet.net\/wp-cnet\/2016\/07\/12\/quebec-domingo-da-catequese-sera-marcado-pelo-tema-da-misericordia\/"},"modified":"2017-06-02T14:01:13","modified_gmt":"2017-06-02T17:01:13","slug":"quebec-domingo-da-catequese-sera-marcado-pelo-tema-da-misericordia","status":"publish","type":"post","link":"https:\/\/catolicanet.net\/wp-cnet\/quebec-domingo-da-catequese-sera-marcado-pelo-tema-da-misericordia\/","title":{"rendered":"Qu\u00e9bec: Domingo da Catequese ser\u00e1 marcado pelo tema da miseric\u00f3rdia"},"content":{"rendered":"<p style=\"text-align: justify;\"><img decoding=\"async\" src=\"http:\/\/www.catolicanet.com.br\/images\/stories\/noticias\/afp5516964_articolo.jpg\" border=\"0\" align=\"left\" \/>\u201cA miseric\u00f3rdia no cora\u00e7\u00e3o da nossa f\u00e9\u201d: com esse tema, a Igreja cat\u00f3lica no Qu\u00e9bec, Canad\u00e1, prepara-se para celebrar, em 25 de setembro pr\u00f3ximo, o Domingo da Catequese. O evento coincidir\u00e1 com o Jubileu dos catequistas e das catequistas que, com seu compromisso de transmitir a f\u00e9, sustentam a vida das comunidades crist\u00e3s, em particular nas par\u00f3quias.<\/p>\n<p>Abrir-se \u00e0 miseric\u00f3rdia do Pai<\/p>\n<p>\u201cA Igreja tem a miss\u00e3o de anunciar Jesus Cristo, rosto da miseric\u00f3rdia do Pai. Atrav\u00e9s da catequese, ela acompanha as pessoas que, ao longo do seu caminho de f\u00e9, aproximam-se de Cristo, abrem-se \u00e0 miseric\u00f3rdia do Pai e s\u00e3o por ela pouco a pouco transformados, escreve o presidente dos bispos do Qu\u00e9bec, Dom Paul Lortie.<\/p>\n<p>Dar testemunho de Jesus Cristo Ressuscitado<\/p>\n<p>Nesta \u00f3tica, \u201co Domingo da catequese \u00e9 ocasi\u00e3o para dar gra\u00e7as por todos os frutos na vida das comunidades e pelo empenho de tantos catequistas na miss\u00e3o indispens\u00e1vel para a vitalidade e o desenvolvimento da Igreja\u201d, acrescenta o prelado.<\/p>\n<p>Da\u00ed, o convite de Dom Lortie a todos os batizados a \u201cdar testemunho de suas experi\u00eancias pessoais com Jesus Ressuscitado, que os reconcilia com o Pai e transforma suas vidas\u201d.<\/p>\n<p style=\"text-align: justify;\">\u00a0<\/p>\n<p style=\"text-align: justify;\">Fonte: R\u00e1dio Vaticano<\/p>\n","protected":false},"excerpt":{"rendered":"<p>\u201cA miseric\u00f3rdia no cora\u00e7\u00e3o da nossa f\u00e9\u201d: com esse tema, a Igreja cat\u00f3lica no Qu\u00e9bec, Canad\u00e1, prepara-se para celebrar, em 25 de setembro pr\u00f3ximo, o Domingo da Catequese. O evento coincidir\u00e1 com o Jubileu dos catequistas e das catequistas que, com seu compromisso de transmitir a f\u00e9, sustentam a vida das comunidades crist\u00e3s, em particular [&hellip;]<\/p>\n","protected":false},"author":1,"featured_media":16150,"comment_status":"open","ping_status":"open","sticky":false,"template":"","format":"standard","meta":{"footnotes":""},"categories":[3],"tags":[],"class_list":["post-16151","post","type-post","status-publish","format-standard","has-post-thumbnail","hentry","category-vaticano"],"_links":{"self":[{"href":"https:\/\/catolicanet.net\/wp-cnet\/wp-json\/wp\/v2\/posts\/16151","targetHints":{"allow":["GET"]}}],"collection":[{"href":"https:\/\/catolicanet.net\/wp-cnet\/wp-json\/wp\/v2\/posts"}],"about":[{"href":"https:\/\/catolicanet.net\/wp-cnet\/wp-json\/wp\/v2\/types\/post"}],"author":[{"embeddable":true,"href":"https:\/\/catolicanet.net\/wp-cnet\/wp-json\/wp\/v2\/users\/1"}],"replies":[{"embeddable":true,"href":"https:\/\/catolicanet.net\/wp-cnet\/wp-json\/wp\/v2\/comments?post=16151"}],"version-history":[{"count":1,"href":"https:\/\/catolicanet.net\/wp-cnet\/wp-json\/wp\/v2\/posts\/16151\/revisions"}],"predecessor-version":[{"id":28590,"href":"https:\/\/catolicanet.net\/wp-cnet\/wp-json\/wp\/v2\/posts\/16151\/revisions\/28590"}],"wp:featuredmedia":[{"embeddable":true,"href":"https:\/\/catolicanet.net\/wp-cnet\/wp-json\/wp\/v2\/media\/16150"}],"wp:attachment":[{"href":"https:\/\/catolicanet.net\/wp-cnet\/wp-json\/wp\/v2\/media?parent=16151"}],"wp:term":[{"taxonomy":"category","embeddable":true,"href":"https:\/\/catolicanet.net\/wp-cnet\/wp-json\/wp\/v2\/categories?post=16151"},{"taxonomy":"post_tag","embeddable":true,"href":"https:\/\/catolicanet.net\/wp-cnet\/wp-json\/wp\/v2\/tags?post=16151"}],"curies":[{"name":"wp","href":"https:\/\/api.w.org\/{rel}","templated":true}]}}