{"id":16149,"date":"2016-07-12T12:58:21","date_gmt":"2016-07-12T15:58:21","guid":{"rendered":"http:\/\/catolicanet.net\/wp-cnet\/2016\/07\/12\/pe-lombardi-nao-ha-novas-orientacoes-liturgicas-para-o-proximo-advento\/"},"modified":"2017-06-02T13:54:10","modified_gmt":"2017-06-02T16:54:10","slug":"pe-lombardi-nao-ha-novas-orientacoes-liturgicas-para-o-proximo-advento","status":"publish","type":"post","link":"https:\/\/catolicanet.net\/wp-cnet\/pe-lombardi-nao-ha-novas-orientacoes-liturgicas-para-o-proximo-advento\/","title":{"rendered":"Pe. Lombardi: n\u00e3o h\u00e1 novas orienta\u00e7\u00f5es lit\u00fargicas para o pr\u00f3ximo Advento"},"content":{"rendered":"<p style=\"text-align: justify;\"><img decoding=\"async\" src=\"http:\/\/www.catolicanet.com.br\/images\/stories\/papas\/reuters1513150_articolo.jpg\" border=\"0\" align=\"left\" \/>O Diretor da Sala de Imprensa da Santa S\u00e9, Padre Federico Lombardi, publicou uma nota de esclarecimento em rela\u00e7\u00e3o \u00e0 divulga\u00e7\u00e3o de not\u00edcias nos meios de comunica\u00e7\u00e3o ap\u00f3s uma confer\u00eancia realizada dias atr\u00e1s em Londres pelo Cardeal Sarah, Prefeito da Congrega\u00e7\u00e3o para o Culto Divino.<\/p>\n<p>&#8220;O Cardeal Sarah sempre se preocupou com raz\u00e3o, pela dignidade da celebra\u00e7\u00e3o da Missa, exprimindo-se adequadamente sobre o comportamento de respeito e adora\u00e7\u00e3o pelo mist\u00e9rio eucar\u00edstico. Algumas de suas express\u00f5es foram, no entanto, mal interpretadas, como se anunciasse novas indica\u00e7\u00f5es diferentes daquelas at\u00e9 agora contidas nas normas lit\u00fargicas e nas palavras do Papa sobre a celebra\u00e7\u00e3o em dire\u00e7\u00e3o ao povo e sobre o rito ordin\u00e1rio da Missa&#8221;, explica a nota.<\/p>\n<p style=\"text-align: justify;\"><a href=\"https:\/\/www.youtube.com\/watch?v=-ioOBp5s05s\">Clique aqui para assistir.<\/a><\/p>\n<p>O Cardeal guineano Robert Sarah<\/p>\n<p>Missal Romano<\/p>\n<p>&#8220;Por isso &#8211; prossegue a declara\u00e7\u00e3o &#8211; \u00e9 bom recordar que na Institutio Generalis Missalis Romani (Instru\u00e7\u00e3o Geral do Missal Romano), que cont\u00e9m as normas relativas \u00e0 celebra\u00e7\u00e3o eucar\u00edstica e ainda est\u00e1 em pleno vigor, no n\u00ba 299 diz: &#8216;Altare extruatur a pariete seiunctum, ut facile circumiri et in eo celebratio versus populum peragi possit, quod expedit ubicumque possibile sit. Altare eum autem occupet locum , ut revera centrum sit ad quod totius congregationis fidelium attentio sponte convertatur&#8217;. Isto \u00e9: &#8216;Onde for poss\u00edvel, o altar principal deve ser constru\u00eddo afastado da parede, de modo a permitir andar em volta dele e celebrar a Missa de frente para o povo. Pela sua localiza\u00e7\u00e3o, h\u00e1-de ser o centro de converg\u00eancia, para o qual espontaneamente se dirijam as aten\u00e7\u00f5es de toda a assembleia dos fi\u00e9is'&#8221;.<\/p>\n<p>Forma ordin\u00e1ria<\/p>\n<p>&#8220;Por sua vez &#8211; continua o texto &#8211; o Papa Francisco, por ocasi\u00e3o da sua visita \u00e0 Congrega\u00e7\u00e3o para o Culto Divino, recordou expressamente que a forma \u201cordin\u00e1ria\u201d da celebra\u00e7\u00e3o da Missa \u00e9 a prevista pelo Missal promulgado por Paulo VI, enquanto a &#8216;extraordin\u00e1ria&#8217;, que foi permitida pelo Papa Bento XVI para as finalidades e com as modalidades por ele explicadas no Motu Proprio Summorum Pontificum, n\u00e3o deve tomar o lugar da &#8216;ordin\u00e1ria&#8217;\u201d.<\/p>\n<p>Portanto &#8211; conclui Padre Lombardi &#8211; &#8220;n\u00e3o s\u00e3o previstas novas orienta\u00e7\u00f5es lit\u00fargicas a partir do pr\u00f3ximo Advento, como alguns erroneamente deduziram de algumas palavras do Cardeal Sarah, e \u00e9 melhor evitar o uso da express\u00e3o &#8216;reforma da reforma&#8217;, referindo-se \u00e0 liturgia, devido ao fato que, por vezes, foi fonte de mal-entendidos'&#8221;.<\/p>\n<p>&#8220;Tudo isso &#8211; reitera o documento &#8211; foi expresso de modo concorde durante uma recente audi\u00eancia concedida pelo Papa ao Cardeal Prefeito da Congrega\u00e7\u00e3o para o Culto Divino&#8221;.<\/p>\n<p style=\"text-align: justify;\">\u00a0<\/p>\n<p style=\"text-align: justify;\">Fonte: R\u00e1dio Vaticano<\/p>\n","protected":false},"excerpt":{"rendered":"<p>O Diretor da Sala de Imprensa da Santa S\u00e9, Padre Federico Lombardi, publicou uma nota de esclarecimento em rela\u00e7\u00e3o \u00e0 divulga\u00e7\u00e3o de not\u00edcias nos meios de comunica\u00e7\u00e3o ap\u00f3s uma confer\u00eancia realizada dias atr\u00e1s em Londres pelo Cardeal Sarah, Prefeito da Congrega\u00e7\u00e3o para o Culto Divino. &#8220;O Cardeal Sarah sempre se preocupou com raz\u00e3o, pela dignidade [&hellip;]<\/p>\n","protected":false},"author":1,"featured_media":16148,"comment_status":"open","ping_status":"open","sticky":false,"template":"","format":"standard","meta":{"footnotes":""},"categories":[3],"tags":[],"class_list":["post-16149","post","type-post","status-publish","format-standard","has-post-thumbnail","hentry","category-vaticano"],"_links":{"self":[{"href":"https:\/\/catolicanet.net\/wp-cnet\/wp-json\/wp\/v2\/posts\/16149","targetHints":{"allow":["GET"]}}],"collection":[{"href":"https:\/\/catolicanet.net\/wp-cnet\/wp-json\/wp\/v2\/posts"}],"about":[{"href":"https:\/\/catolicanet.net\/wp-cnet\/wp-json\/wp\/v2\/types\/post"}],"author":[{"embeddable":true,"href":"https:\/\/catolicanet.net\/wp-cnet\/wp-json\/wp\/v2\/users\/1"}],"replies":[{"embeddable":true,"href":"https:\/\/catolicanet.net\/wp-cnet\/wp-json\/wp\/v2\/comments?post=16149"}],"version-history":[{"count":1,"href":"https:\/\/catolicanet.net\/wp-cnet\/wp-json\/wp\/v2\/posts\/16149\/revisions"}],"predecessor-version":[{"id":28542,"href":"https:\/\/catolicanet.net\/wp-cnet\/wp-json\/wp\/v2\/posts\/16149\/revisions\/28542"}],"wp:featuredmedia":[{"embeddable":true,"href":"https:\/\/catolicanet.net\/wp-cnet\/wp-json\/wp\/v2\/media\/16148"}],"wp:attachment":[{"href":"https:\/\/catolicanet.net\/wp-cnet\/wp-json\/wp\/v2\/media?parent=16149"}],"wp:term":[{"taxonomy":"category","embeddable":true,"href":"https:\/\/catolicanet.net\/wp-cnet\/wp-json\/wp\/v2\/categories?post=16149"},{"taxonomy":"post_tag","embeddable":true,"href":"https:\/\/catolicanet.net\/wp-cnet\/wp-json\/wp\/v2\/tags?post=16149"}],"curies":[{"name":"wp","href":"https:\/\/api.w.org\/{rel}","templated":true}]}}