{"id":16145,"date":"2016-07-12T12:44:47","date_gmt":"2016-07-12T15:44:47","guid":{"rendered":"http:\/\/catolicanet.net\/wp-cnet\/2016\/07\/12\/mons-vigano-destaca-a-qvisao-eclesial-dos-acontecimentosq-de-pe-lombardi\/"},"modified":"2017-06-02T11:19:06","modified_gmt":"2017-06-02T14:19:06","slug":"mons-vigano-destaca-a-qvisao-eclesial-dos-acontecimentosq-de-pe-lombardi","status":"publish","type":"post","link":"https:\/\/catolicanet.net\/wp-cnet\/mons-vigano-destaca-a-qvisao-eclesial-dos-acontecimentosq-de-pe-lombardi\/","title":{"rendered":"Mons. Vigan\u00f3 destaca a &#8220;vis\u00e3o eclesial dos acontecimentos&#8221; de Pe. Lombardi"},"content":{"rendered":"<p style=\"text-align: justify;\"><img decoding=\"async\" src=\"http:\/\/www.catolicanet.com.br\/images\/stories\/noticias\/rv17461_articolo.jpg\" border=\"0\" align=\"left\" \/>Ao saudar o Padre Lombardi na Sala de Imprensa da Santa S\u00e9 no final da manh\u00e3 desta segunda-feira, o Prefeito da Secretaria para a Comunica\u00e7\u00e3o, Mons. Edoardo Vigan\u00f2, sublinhou dois aspectos da \u201clonga li\u00e7\u00e3o\u201d que Padre Lombardi deixa como heran\u00e7a aos novos respons\u00e1veis pela Sala de Imprensa. Eis o que disse:<\/p>\n<p style=\"text-align: justify;\"><a href=\"http:\/\/media02.radiovaticana.va\/audio\/audio2\/mp3\/00538925.mp3\">Clique aqui para ouvir.<\/a><\/p>\n<p>\u201cPadre Federico Lombardi nos deixou, como um estilo de sua profiss\u00e3o, a vis\u00e3o eclesial dos acontecimentos: um olhar que sempre uniu as diferentes sensibilidades, as diferentes perspectivas, marcadas tamb\u00e9m pelas diferentes origens da cultura na Igreja. Porque a Igreja n\u00e3o \u00e9 uma experi\u00eancia monol\u00edtica, \u00e9 uma experi\u00eancia muito diversificada, o Padre Federico sempre buscou fazer este trabalho colocando juntas uma vis\u00e3o da Igreja, que \u00e9 uma vis\u00e3o ampla, uma vis\u00e3o capaz de manter juntas as diferen\u00e7as, porque as diferen\u00e7as n\u00e3o s\u00e3o lugares de inimizade, mas simplesmente o enriquecimento de uma Igreja, que precisamente porque \u00e9 Igreja, \u00e9 assim. A segunda grande riqueza de Padre Federico \u00e9 a de ter vivido aquilo que repetidamente chamou-nos anteriormente o Papa Bento XVI e mais tarde o Papa Francisco, ou seja, uma hermen\u00eautica espiritual da Igreja. A Igreja n\u00e3o \u00e9 uma parte que escolhe uma posi\u00e7\u00e3o em vez de outra: a Igreja \u00e9 cat\u00f3lica e n\u00e3o reconhece a ningu\u00e9m o papel de antagonista. \u00c9 justamente esta vis\u00e3o, de uma hermen\u00eautica espiritual, que o Padre Lombardi nos ensinou\u201d.<\/p>\n<p style=\"text-align: justify;\">\u00a0<\/p>\n<p style=\"text-align: justify;\">Fonte: R\u00e1dio Vaticano<\/p>\n","protected":false},"excerpt":{"rendered":"<p>Ao saudar o Padre Lombardi na Sala de Imprensa da Santa S\u00e9 no final da manh\u00e3 desta segunda-feira, o Prefeito da Secretaria para a Comunica\u00e7\u00e3o, Mons. Edoardo Vigan\u00f2, sublinhou dois aspectos da \u201clonga li\u00e7\u00e3o\u201d que Padre Lombardi deixa como heran\u00e7a aos novos respons\u00e1veis pela Sala de Imprensa. Eis o que disse: Clique aqui para ouvir. [&hellip;]<\/p>\n","protected":false},"author":1,"featured_media":16144,"comment_status":"open","ping_status":"open","sticky":false,"template":"","format":"standard","meta":{"footnotes":""},"categories":[3],"tags":[],"class_list":["post-16145","post","type-post","status-publish","format-standard","has-post-thumbnail","hentry","category-vaticano"],"_links":{"self":[{"href":"https:\/\/catolicanet.net\/wp-cnet\/wp-json\/wp\/v2\/posts\/16145","targetHints":{"allow":["GET"]}}],"collection":[{"href":"https:\/\/catolicanet.net\/wp-cnet\/wp-json\/wp\/v2\/posts"}],"about":[{"href":"https:\/\/catolicanet.net\/wp-cnet\/wp-json\/wp\/v2\/types\/post"}],"author":[{"embeddable":true,"href":"https:\/\/catolicanet.net\/wp-cnet\/wp-json\/wp\/v2\/users\/1"}],"replies":[{"embeddable":true,"href":"https:\/\/catolicanet.net\/wp-cnet\/wp-json\/wp\/v2\/comments?post=16145"}],"version-history":[{"count":1,"href":"https:\/\/catolicanet.net\/wp-cnet\/wp-json\/wp\/v2\/posts\/16145\/revisions"}],"predecessor-version":[{"id":28154,"href":"https:\/\/catolicanet.net\/wp-cnet\/wp-json\/wp\/v2\/posts\/16145\/revisions\/28154"}],"wp:featuredmedia":[{"embeddable":true,"href":"https:\/\/catolicanet.net\/wp-cnet\/wp-json\/wp\/v2\/media\/16144"}],"wp:attachment":[{"href":"https:\/\/catolicanet.net\/wp-cnet\/wp-json\/wp\/v2\/media?parent=16145"}],"wp:term":[{"taxonomy":"category","embeddable":true,"href":"https:\/\/catolicanet.net\/wp-cnet\/wp-json\/wp\/v2\/categories?post=16145"},{"taxonomy":"post_tag","embeddable":true,"href":"https:\/\/catolicanet.net\/wp-cnet\/wp-json\/wp\/v2\/tags?post=16145"}],"curies":[{"name":"wp","href":"https:\/\/api.w.org\/{rel}","templated":true}]}}