{"id":1614,"date":"2012-03-23T14:03:10","date_gmt":"2012-03-23T17:03:10","guid":{"rendered":"http:\/\/catolicanet.net\/wp-cnet\/rezar-sempre\/"},"modified":"2017-03-20T15:26:25","modified_gmt":"2017-03-20T18:26:25","slug":"rezar-sempre","status":"publish","type":"post","link":"https:\/\/catolicanet.net\/wp-cnet\/rezar-sempre\/","title":{"rendered":"Rezar sempre"},"content":{"rendered":"<p style=\"text-align: justify;\"><img decoding=\"async\" src=\"images\/stories\/dom20orani.jpg\" border=\"0\" align=\"left\" \/>Entre as pr\u00e1ticas que somos chamados a fazer durante a Quaresma, al\u00e9m do jejum e da esmola existe uma terceira pr\u00e1tica muito importante se desejamos viver plenamente este tempo e a nossa vida crist\u00e3: a ora\u00e7\u00e3o. <br \/>A Igreja, em sua tradi\u00e7\u00e3o milenar, possui um conjunto de ora\u00e7\u00f5es que fazem parte da cultura e do ser cat\u00f3lico, como o Pai Nosso, a ora\u00e7\u00e3o que o pr\u00f3prio Jesus nos ensinou, a ora\u00e7\u00e3o do Ter\u00e7o, a Profiss\u00e3o de F\u00e9 e outras tantas devo\u00e7\u00f5es que cada um de n\u00f3s aprendeu desde crian\u00e7a e sente em seu \u00edntimo que deve praticar.<br \/>No entanto, a ora\u00e7\u00e3o \u00e9 muito mais do que a repeti\u00e7\u00e3o de f\u00f3rmulas. Se rezamos, por exemplo, um Pai Nosso sem o sentido que este exige, praticamente s\u00f3 repetimos a f\u00f3rmula. Esta verdade se aplica a todas as ora\u00e7\u00f5es conhecidas como vocais. Nas vossas ora\u00e7\u00f5es n\u00e3o useis v\u00e3s repeti\u00e7\u00f5es, como os gentios, porque imaginam que \u00e9 pelo palavreado excessivo que ser\u00e3o ouvidos. N\u00e3o sejais como eles, porque vosso Pai sabe do que tendes necessidade antes de lho pedirdes. (Mt 6,\u00a0 7-8)<br \/>O cristianismo \u00e9 fruto de um encontro com Cristo. Pois bem, a ora\u00e7\u00e3o \u00e9 o lugar privilegiado para este encontro. Com ela temos experi\u00eancia do amor e h\u00e1 renova\u00e7\u00e3o no amor. \u00c9 lugar de convers\u00e3o a Deus. Ela oferece a ocasi\u00e3o para que Cristo possa ser o \u00fanico necess\u00e1rio. Ela nos fortalece para que toda a nossa vida tenha um toque divino. <br \/>N\u00e3o h\u00e1 cristianismo sem ora\u00e7\u00e3o, pois n\u00e3o h\u00e1 amor sem di\u00e1logo e entrega na liberdade. A ora\u00e7\u00e3o \u00e9 t\u00e3o importante que, at\u00e9 hoje, cada um de n\u00f3s, ap\u00f3stolos e mission\u00e1rios, especialmente consagrados e consagradas, somos frutos daquela noite silenciosa em que Cristo subiu ao monte para orar e escolheu os doze ap\u00f3stolos. A ora\u00e7\u00e3o transcende o espa\u00e7o e o tempo. (Cf. Lc 6, 12-16) <br \/>Deus, em sua onipot\u00eancia e miseric\u00f3rdia, quis necessitar de n\u00f3s. Pois s\u00f3 na liberdade h\u00e1 a plena ades\u00e3o a Cristo. S\u00f3 na ora\u00e7\u00e3o posso descobrir os planos que Deus tem para mim. Maria estava em ora\u00e7\u00e3o quando recebeu a sua miss\u00e3o, e, por ser uma alma generosa e contemplativa, p\u00f4de dizer sim a Deus.<br \/>A ora\u00e7\u00e3o \u00e9 promotora de amor, de generosidade e de entrega. Ela nos convida ao jejum como convers\u00e3o de n\u00f3s mesmos, atrav\u00e9s da consci\u00eancia de nossa indig\u00eancia. Ela nos lan\u00e7a a pr\u00e1tica da esmola e da caridade, como manifesta\u00e7\u00e3o do amor a Deus e a meu irm\u00e3o. A ora\u00e7\u00e3o \u00e9 lugar de transforma\u00e7\u00e3o e de impulso. Reconhecemos o homem e a mulher de ora\u00e7\u00e3o no olhar, janela da alma, pois resplandece a presen\u00e7a interior de Deus. <br \/>Como afirma o Catecismo: O desejo de Deus est\u00e1 inscrito no cora\u00e7\u00e3o do homem, porque o homem foi criado por Deus e para Deus. (Catecismo da Igreja Cat\u00f3lica, n. 27). O ser humano s\u00f3 se realiza plenamente quando cria em sua vida este espa\u00e7o di\u00e1rio de encontro com o divino. Como lembra muito bem Bento XVI: O homo religiosus n\u00e3o emerge s\u00f3 dos mundos antigos, mas atravessa toda a hist\u00f3ria da humanidade. (Audi\u00eancia Geral, 11 de maio de 2011).<br \/>A ora\u00e7\u00e3o nunca ser\u00e1 superada pela t\u00e9cnica, pelo desenvolvimento e pelo progresso. Ao contr\u00e1rio, a sede de infinito que o homem possui, o desejo de transcender \u00e9 a condi\u00e7\u00e3o de possibilidade para todo e qualquer avan\u00e7o cient\u00edfico e moral. Portanto, apenas na ora\u00e7\u00e3o \u00e9 que a sede e o desejo de ir mais al\u00e9m se saciam. <br \/>A ora\u00e7\u00e3o \u00e9 a manifesta\u00e7\u00e3o da atra\u00e7\u00e3o que todos temos por Deus. Por isto, entremos alegres na via quaresmal, conscientes de que em Deus encontramos o fim de nossas vidas. Deus nos convida a conviver com Ele. Vamos deixar que Cristo seja realmente o Senhor de nossas vidas. <br \/>Para isso, bastam pequenos gestos. Se no caminho do trabalho ou da escola me deparo com uma Igreja, entremos e passemos alguns minutos com Jesus no sacr\u00e1rio. Ensinemos nossos filhos e filhas a fazer uma ora\u00e7\u00e3o antes e depois das refei\u00e7\u00f5es. Rezemos, tamb\u00e9m, antes de come\u00e7ar o trabalho ou um estudo. Aproveitemos para reunir a fam\u00edlia algum dia da semana, ou todos os dias, para rezar o Ter\u00e7o. Lancemos, durante o dia, muitas flechas de amor ao c\u00e9u atrav\u00e9s de pequenas frases conhecidas como jaculat\u00f3rias, como por exemplo: Senhor, eu te amo, ou Senhor, cuida da minha vida, ou Cristo, dai-me paz e alegria. <br \/>Orar \u00e9 amar muito! E se ama n\u00e3o apenas com palavras, mas com gestos e olhares. Necessitamos de tempo de ora\u00e7\u00e3o vocal, lit\u00fargica e silenciosa para que toda a vida se transforme em ora\u00e7\u00e3o. E assim, todas as vezes que fazemos a vontade de Deus, segundo a pr\u00f3pria miss\u00e3o e voca\u00e7\u00e3o, estamos orando. Ora a m\u00e3e que cuida de seus filhos, ora o filho que estuda e ajuda a sua m\u00e3e, ora o Pai que tem gestos de carinho com a sua esposa. <br \/>Que a exemplo de nossa querida m\u00e3e Maria Sant\u00edssima, que guardava todas as coisas em seu cora\u00e7\u00e3o, deixemos que toda a nossa vida seja ora\u00e7\u00e3o, e reservemos momentos para subir ao monte espiritual da ora\u00e7\u00e3o para estar diante de Deus, face a face, e descobrir o quanto Deus nos ama.<\/p>\n","protected":false},"excerpt":{"rendered":"<p>Entre as pr\u00e1ticas que somos chamados a fazer durante a Quaresma, al\u00e9m do jejum e da esmola existe uma terceira pr\u00e1tica muito importante se desejamos viver plenamente este tempo e a nossa vida crist\u00e3: a ora\u00e7\u00e3o. A Igreja, em sua tradi\u00e7\u00e3o milenar, possui um conjunto de ora\u00e7\u00f5es que fazem parte da cultura e do ser [&hellip;]<\/p>\n","protected":false},"author":5,"featured_media":1445,"comment_status":"closed","ping_status":"closed","sticky":false,"template":"","format":"standard","meta":{"footnotes":""},"categories":[9],"tags":[],"class_list":["post-1614","post","type-post","status-publish","format-standard","has-post-thumbnail","hentry","category-artigos"],"_links":{"self":[{"href":"https:\/\/catolicanet.net\/wp-cnet\/wp-json\/wp\/v2\/posts\/1614","targetHints":{"allow":["GET"]}}],"collection":[{"href":"https:\/\/catolicanet.net\/wp-cnet\/wp-json\/wp\/v2\/posts"}],"about":[{"href":"https:\/\/catolicanet.net\/wp-cnet\/wp-json\/wp\/v2\/types\/post"}],"author":[{"embeddable":true,"href":"https:\/\/catolicanet.net\/wp-cnet\/wp-json\/wp\/v2\/users\/5"}],"replies":[{"embeddable":true,"href":"https:\/\/catolicanet.net\/wp-cnet\/wp-json\/wp\/v2\/comments?post=1614"}],"version-history":[{"count":1,"href":"https:\/\/catolicanet.net\/wp-cnet\/wp-json\/wp\/v2\/posts\/1614\/revisions"}],"predecessor-version":[{"id":6788,"href":"https:\/\/catolicanet.net\/wp-cnet\/wp-json\/wp\/v2\/posts\/1614\/revisions\/6788"}],"wp:featuredmedia":[{"embeddable":true,"href":"https:\/\/catolicanet.net\/wp-cnet\/wp-json\/wp\/v2\/media\/1445"}],"wp:attachment":[{"href":"https:\/\/catolicanet.net\/wp-cnet\/wp-json\/wp\/v2\/media?parent=1614"}],"wp:term":[{"taxonomy":"category","embeddable":true,"href":"https:\/\/catolicanet.net\/wp-cnet\/wp-json\/wp\/v2\/categories?post=1614"},{"taxonomy":"post_tag","embeddable":true,"href":"https:\/\/catolicanet.net\/wp-cnet\/wp-json\/wp\/v2\/tags?post=1614"}],"curies":[{"name":"wp","href":"https:\/\/api.w.org\/{rel}","templated":true}]}}