{"id":16134,"date":"2016-07-11T19:39:29","date_gmt":"2016-07-11T22:39:29","guid":{"rendered":"http:\/\/catolicanet.net\/wp-cnet\/2016\/07\/11\/arquidiocese-de-passo-fundo-acolhe-diacono-cassiano-pertile\/"},"modified":"2017-05-31T10:03:23","modified_gmt":"2017-05-31T13:03:23","slug":"arquidiocese-de-passo-fundo-acolhe-diacono-cassiano-pertile","status":"publish","type":"post","link":"https:\/\/catolicanet.net\/wp-cnet\/arquidiocese-de-passo-fundo-acolhe-diacono-cassiano-pertile\/","title":{"rendered":"Arquidiocese de Passo Fundo acolhe di\u00e1cono Cassiano Pertile"},"content":{"rendered":"<p style=\"text-align: justify;\"><img decoding=\"async\" src=\"http:\/\/www.catolicanet.com.br\/images\/stories\/noticias\/arquidiocese de passo fundo.png\" border=\"0\" align=\"left\" \/>A Comunidade Santo Ant\u00f4nio Posse Boa Vista, em Marau, testemunhou no \u00faltimo domingo, 10 de julho, a ordena\u00e7\u00e3o diaconal de Cassiano Pertile. Com a presen\u00e7a de familiares, amigos e sacerdotes da arquidiocese, o jovem foi ordenado por dom Rodolfo Weber, arcebispo metropolitano de Passo Fundo.<br \/>Cassiano, que conclui a Teologia este ano na Itepa Faculdades, nasceu em 24 de janeiro de 1990. O novo di\u00e1cono escolheu como lema a frase do Evangelho de Jo\u00e3o: \u201cO Bom Pastor d\u00e1 a vida por suas ovelhas\u201d.<br \/>Durante a celebra\u00e7\u00e3o, o ordenado recebeu a t\u00fanica, a estola diaconal e a B\u00edblia. Ainda durante o rito de ordena\u00e7\u00e3o, colocou-se diante do arcebispo para reafirmar seu prop\u00f3sito e prostou-se como sinal de total entrega e disposi\u00e7\u00e3o ao projeto assumido.<br \/>O diaconato \u00e9 o primeiro grau da Ordem e, neste caso, mais um est\u00e1gio para a ordena\u00e7\u00e3o presbiteral. Durante a celebra\u00e7\u00e3o, dom Rodolfo lembrou que a miss\u00e3o diaconal tem tr\u00eas dimens\u00f5es: \u201cA primeira \u00e9 a da palavra. A segunda, da liturgia, de ajudar a santificar o povo de Deus atrav\u00e9s do sacramento do batismo, do matrim\u00f4nio ou das ex\u00e9quias. J\u00e1 a terceira \u00e9 a da caridade, do servi\u00e7o aos irm\u00e3os nas mais diferentes formas que possam aparecer em sua vida\u201d, destacou o arcebispo. Refletindo a liturgia do dia, ele refor\u00e7ou que \u201ca necessidade do pr\u00f3ximo que est\u00e1 ca\u00eddo no caminho \u00e9 mais forte que qualquer impedimento que possamos colocar. O amor n\u00e3o \u00e9 apenas uma cole\u00e7\u00e3o de palavras e belos poemas. O amor precisa se transformar em pr\u00e1ticas de caridade\u201d, finalizou.<br \/>O novo di\u00e1cono foi acolhido pelo padre Geraldo Collet, em nome da pastoral presbiteral, e pela comunidade local. Cassiano agradeceu a Deus, a sua fam\u00edlia, a par\u00f3quia S\u00e3o Crist\u00f3v\u00e3o e a comunidade Santo Ant\u00f4nio Posse Boa Vista e expressou sua gratid\u00e3o ao povo que celebrou com ele a ordena\u00e7\u00e3o. \u201cCom a f\u00e9 e for\u00e7a deste povo fui tamb\u00e9m fazendo a minha celebra\u00e7\u00e3o. \u00c9 uma sensa\u00e7\u00e3o indescrit\u00edvel que vivi neste momento. Foi poss\u00edvel sentir a presen\u00e7a do Esp\u00edrito Santo e sei que este mesmo esp\u00edrito vai conduzir o meu minist\u00e9rio, me guiando adiante rumo ao sacerd\u00f3cio e a uma maior proximidade com o povo de Deus\u201d, ressaltou o novo di\u00e1cono.<br \/>A Arquidiocese de Passo Fundo celebra no pr\u00f3ximo domingo, 17 de julho, a segunda ordena\u00e7\u00e3o diaconal deste m\u00eas. Na par\u00f3quia Santo Ant\u00f4nio, em Passo Fundo, o seminarista Wilton dos Santos Bento ser\u00e1 ordenado di\u00e1cono, \u00e0s 10h.<\/p>\n","protected":false},"excerpt":{"rendered":"<p>A Comunidade Santo Ant\u00f4nio Posse Boa Vista, em Marau, testemunhou no \u00faltimo domingo, 10 de julho, a ordena\u00e7\u00e3o diaconal de Cassiano Pertile. Com a presen\u00e7a de familiares, amigos e sacerdotes da arquidiocese, o jovem foi ordenado por dom Rodolfo Weber, arcebispo metropolitano de Passo Fundo.Cassiano, que conclui a Teologia este ano na Itepa Faculdades, nasceu [&hellip;]<\/p>\n","protected":false},"author":1,"featured_media":16133,"comment_status":"open","ping_status":"open","sticky":false,"template":"","format":"standard","meta":{"footnotes":""},"categories":[4],"tags":[],"class_list":["post-16134","post","type-post","status-publish","format-standard","has-post-thumbnail","hentry","category-cotidiano"],"_links":{"self":[{"href":"https:\/\/catolicanet.net\/wp-cnet\/wp-json\/wp\/v2\/posts\/16134","targetHints":{"allow":["GET"]}}],"collection":[{"href":"https:\/\/catolicanet.net\/wp-cnet\/wp-json\/wp\/v2\/posts"}],"about":[{"href":"https:\/\/catolicanet.net\/wp-cnet\/wp-json\/wp\/v2\/types\/post"}],"author":[{"embeddable":true,"href":"https:\/\/catolicanet.net\/wp-cnet\/wp-json\/wp\/v2\/users\/1"}],"replies":[{"embeddable":true,"href":"https:\/\/catolicanet.net\/wp-cnet\/wp-json\/wp\/v2\/comments?post=16134"}],"version-history":[{"count":1,"href":"https:\/\/catolicanet.net\/wp-cnet\/wp-json\/wp\/v2\/posts\/16134\/revisions"}],"predecessor-version":[{"id":25598,"href":"https:\/\/catolicanet.net\/wp-cnet\/wp-json\/wp\/v2\/posts\/16134\/revisions\/25598"}],"wp:featuredmedia":[{"embeddable":true,"href":"https:\/\/catolicanet.net\/wp-cnet\/wp-json\/wp\/v2\/media\/16133"}],"wp:attachment":[{"href":"https:\/\/catolicanet.net\/wp-cnet\/wp-json\/wp\/v2\/media?parent=16134"}],"wp:term":[{"taxonomy":"category","embeddable":true,"href":"https:\/\/catolicanet.net\/wp-cnet\/wp-json\/wp\/v2\/categories?post=16134"},{"taxonomy":"post_tag","embeddable":true,"href":"https:\/\/catolicanet.net\/wp-cnet\/wp-json\/wp\/v2\/tags?post=16134"}],"curies":[{"name":"wp","href":"https:\/\/api.w.org\/{rel}","templated":true}]}}