{"id":16130,"date":"2016-07-11T18:35:50","date_gmt":"2016-07-11T21:35:50","guid":{"rendered":"http:\/\/catolicanet.net\/wp-cnet\/2016\/07\/11\/americapanama-um-canal-para-todos-a-reflexao-dos-bispos-sobre-a-nova-obra\/"},"modified":"2017-05-31T10:03:23","modified_gmt":"2017-05-31T13:03:23","slug":"americapanama-um-canal-para-todos-a-reflexao-dos-bispos-sobre-a-nova-obra","status":"publish","type":"post","link":"https:\/\/catolicanet.net\/wp-cnet\/americapanama-um-canal-para-todos-a-reflexao-dos-bispos-sobre-a-nova-obra\/","title":{"rendered":"AM\u00c9RICA\/PANAM\u00c1 &#8211; \u201cUm canal para todos\u201d: a reflex\u00e3o dos Bispos sobre a nova obra"},"content":{"rendered":"<p style=\"text-align: justify;\"><img decoding=\"async\" src=\"http:\/\/www.catolicanet.com.br\/images\/stories\/noticias\/primopiano_2078.jpg\" border=\"0\" align=\"left\" \/>Cidade do Panam\u00e1 (Ag\u00eancia Fides) \u2013 A abertura do Canal depois das obras de amplia\u00e7\u00e3o \u201cfoi um evento que nos encheu de alegria e de patriotismo, porque esta obra tem um significado especial na hist\u00f3ria do povo do Panam\u00e1. Agora temos o grande desafio de reagir diante das diferen\u00e7as e das rivalidades, para apostar na soberania, na democracia e na justi\u00e7a social, que nos permitir\u00e3o enfrentar os nossos esfor\u00e7os para construir o Panam\u00e1 que todos n\u00f3s queremos, sem excluir ningu\u00e9m, acabando com o abismo escandaloso entre os poucos que t\u00eam muito e os muitos que t\u00eam pouco\u201d.<br \/>\u00c9 um trecho do texto conclusivo da Assembleia plen\u00e1ria da Confer\u00eancia Episcopal do Panam\u00e1, realizada de 4 a 8 de julho de 2016, que quis expressamente se pronunciar sobre este grande evento internacional que diz respeito \u00e0 vida do povo panamense. O novo Canal do Panam\u00e1, inaugurado em 26 de junho, realizado por um cons\u00f3rcio internacional, precisou do trabalho de 30 mil pessoas por quase nove anos. A capacidade do Canal triplicou: uma real inova\u00e7\u00e3o no campo dos transportes, que far\u00e1 de modo que as rotas comerciais navais entre Europa e Am\u00e9rica sofram um impulso importante.<br \/>\u201cTemos uma ocasi\u00e3o hist\u00f3ria diante de n\u00f3s \u2013 prossegue o texto dos Bispos, enviado a Fides -: ter um canal para todos, para camponeses, ind\u00edgenas, afrodescendentes, mulheres, crian\u00e7as, jovens, idosos e pessoas com exig\u00eancias especiais. Enfim, para todos. Devemos tornar real e eficaz a nossa soberania cultivando um sincero amor pelo pa\u00eds; com a consolida\u00e7\u00e3o da nossa cultura, com a integra\u00e7\u00e3o de todos, dando um maior uso social (ao canal) e \u00e0 gest\u00e3o transparente dos lucros gerados, permitindo os investimentos em setores vitais como a instru\u00e7\u00e3o, a sa\u00fade e o trabalho, e fornecendo uma maior oportunidade para os que permanecem exclu\u00eddos do desenvolvimento nacional&#8221;.<br \/>O texto da Assembleia cita algumas informa\u00e7\u00f5es sobre temas eclesiais levados em considera\u00e7\u00e3o pelos Bispos, como a nova normativa sobre os abusos sexuais e o empenho pela Jornada Mundial da Juventude. Por fim, uma palavra de encorajamento \u00e9 dirigida \u00e0 popula\u00e7\u00e3o, considerando a realidade social que o pa\u00eds vive neste momento.<\/p>\n<p style=\"text-align: justify;\">\u00a0<\/p>\n<p style=\"text-align: justify;\">Fonte: Ag\u00eancia Fides<\/p>\n","protected":false},"excerpt":{"rendered":"<p>Cidade do Panam\u00e1 (Ag\u00eancia Fides) \u2013 A abertura do Canal depois das obras de amplia\u00e7\u00e3o \u201cfoi um evento que nos encheu de alegria e de patriotismo, porque esta obra tem um significado especial na hist\u00f3ria do povo do Panam\u00e1. Agora temos o grande desafio de reagir diante das diferen\u00e7as e das rivalidades, para apostar na [&hellip;]<\/p>\n","protected":false},"author":1,"featured_media":16129,"comment_status":"open","ping_status":"open","sticky":false,"template":"","format":"standard","meta":{"footnotes":""},"categories":[4],"tags":[],"class_list":["post-16130","post","type-post","status-publish","format-standard","has-post-thumbnail","hentry","category-cotidiano"],"_links":{"self":[{"href":"https:\/\/catolicanet.net\/wp-cnet\/wp-json\/wp\/v2\/posts\/16130","targetHints":{"allow":["GET"]}}],"collection":[{"href":"https:\/\/catolicanet.net\/wp-cnet\/wp-json\/wp\/v2\/posts"}],"about":[{"href":"https:\/\/catolicanet.net\/wp-cnet\/wp-json\/wp\/v2\/types\/post"}],"author":[{"embeddable":true,"href":"https:\/\/catolicanet.net\/wp-cnet\/wp-json\/wp\/v2\/users\/1"}],"replies":[{"embeddable":true,"href":"https:\/\/catolicanet.net\/wp-cnet\/wp-json\/wp\/v2\/comments?post=16130"}],"version-history":[{"count":1,"href":"https:\/\/catolicanet.net\/wp-cnet\/wp-json\/wp\/v2\/posts\/16130\/revisions"}],"predecessor-version":[{"id":25600,"href":"https:\/\/catolicanet.net\/wp-cnet\/wp-json\/wp\/v2\/posts\/16130\/revisions\/25600"}],"wp:featuredmedia":[{"embeddable":true,"href":"https:\/\/catolicanet.net\/wp-cnet\/wp-json\/wp\/v2\/media\/16129"}],"wp:attachment":[{"href":"https:\/\/catolicanet.net\/wp-cnet\/wp-json\/wp\/v2\/media?parent=16130"}],"wp:term":[{"taxonomy":"category","embeddable":true,"href":"https:\/\/catolicanet.net\/wp-cnet\/wp-json\/wp\/v2\/categories?post=16130"},{"taxonomy":"post_tag","embeddable":true,"href":"https:\/\/catolicanet.net\/wp-cnet\/wp-json\/wp\/v2\/tags?post=16130"}],"curies":[{"name":"wp","href":"https:\/\/api.w.org\/{rel}","templated":true}]}}