{"id":16128,"date":"2016-07-11T18:32:13","date_gmt":"2016-07-11T21:32:13","guid":{"rendered":"http:\/\/catolicanet.net\/wp-cnet\/2016\/07\/11\/americaargentina-bicentenario-da-independencia-a-patria-e-um-dom-e-uma-missao\/"},"modified":"2017-05-31T10:03:24","modified_gmt":"2017-05-31T13:03:24","slug":"americaargentina-bicentenario-da-independencia-a-patria-e-um-dom-e-uma-missao","status":"publish","type":"post","link":"https:\/\/catolicanet.net\/wp-cnet\/americaargentina-bicentenario-da-independencia-a-patria-e-um-dom-e-uma-missao\/","title":{"rendered":"AM\u00c9RICA\/ARGENTINA &#8211; Bicenten\u00e1rio da Independ\u00eancia: \u201ca p\u00e1tria \u00e9 um dom e uma miss\u00e3o\u201d"},"content":{"rendered":"<p style=\"text-align: justify;\"><img decoding=\"async\" src=\"http:\/\/www.catolicanet.com.br\/images\/stories\/noticias\/primopiano_2071.jpg\" border=\"0\" align=\"left\" \/>Buenos Aires (Ag\u00eancia Fides) \u2013 &#8220;Celebramos na f\u00e9 e como argentinos o Bicenten\u00e1rio da Independ\u00eancia do nosso pa\u00eds&#8221;, recordando que \u201c\u00e9 um erro pensar que o universalismo pr\u00f3prio da f\u00e9 num Deus que \u00e9 Pai de todos os homens n\u00e3o possa ser compat\u00edvel com a perten\u00e7a a uma terra, a uma na\u00e7\u00e3o com a sua hist\u00f3ria e as suas tradi\u00e7\u00f5es&#8221;. \u00c9 o que afirma o Presidente da Confer\u00eancia Episcopal Argentina, Dom Jos\u00e9 Mar\u00eda Arancedo, Arcebispo de Santa Fe de la Vera Cruz, por ocasi\u00e3o das celebra\u00e7\u00f5es pelo Bicenten\u00e1rio que t\u00eam seu \u00e1pice em 9 de julho, em todo o pa\u00eds.<br \/>\u201cRecebi a minha f\u00e9 como um dom de Deus, mas numa fam\u00edlia e no contexto de um determinado pa\u00eds. Eu amo Deus e amo o meu pa\u00eds \u2013 acrescentou -. A f\u00e9 n\u00e3o isola, mas \u00e9 um caminho de encontro, de respeito e de di\u00e1logo\u201d. \u201cExiste uma Argentina que est\u00e1 sendo constru\u00edda continuamente e necessita do protagonismo de todos. A p\u00e1tria \u00e9 um dom e uma miss\u00e3o\u201d, destacou, recordando o documento dos Bispos intitulado de maneira significativa \u201cO Bicenten\u00e1rio. Tempo para o encontro fraterno dos argentinos\u201d, publicado no m\u00eas de abril e convidando a aprofund\u00e1-lo.<br \/>A celebra\u00e7\u00e3o principal se realizar\u00e1 em Tucuman, local da assinatura da declara\u00e7\u00e3o de independ\u00eancia, onde na Catedral de Nuestra Se\u00f1ora de la Encarnaci\u00f3n o Arcebispo Alfredo Zecca preside na manh\u00e3 de s\u00e1bado o solene Te Deum, com a presen\u00e7a do Presidente Macri e de outras autoridades nacionais e provinciais. Al\u00e9m disso, estar\u00e3o presentes o Presidente da Confer\u00eancia Episcopal, Dom Jos\u00e9 Mar\u00eda Arancedo, o Secret\u00e1rio-Geral, Dom Carlos Humberto Malfa, outros bispos da regi\u00e3o e o N\u00fancio apost\u00f3lico, o Arcebispo Paul Emil Tscherrig. O Arcebispo de Buenos Aires, Card. Mario Aurelio Poli, preside esta manh\u00e3 a Missa de a\u00e7\u00e3o de gra\u00e7as e o canto do Te Deum. As celebra\u00e7\u00f5es pelo Bicenten\u00e1rio tiveram in\u00edcio na sexta e prosseguem s\u00e1bado e domingo, em v\u00e1rias igrejas de todo o pa\u00eds.<br \/>O Papa Francisco, numa mensagem enviada ao Presidente da Confer\u00eancia Episcopal para esta ocasi\u00e3o, expressa aos Bispos, \u00e0s autoridades e a todos os argentinos a sua proximidade e garante a sua ora\u00e7\u00e3o. \u201cSobretudo \u2013 escreve o Papa \u2013 desejo estar pr\u00f3ximo daqueles que sofrem mais: os doentes, os que vivem na pobreza, os detentos, os que est\u00e3o s\u00f3s, os desempregados, os que s\u00e3o ou foram v\u00edtimas do tr\u00e1fico, do com\u00e9rcio de seres humanos e da explora\u00e7\u00e3o de pessoas, as crian\u00e7as v\u00edtimas de abusos e tantos jovens que sofrem o flagelo da droga\u2026 S\u00e3o os mais sofredores da p\u00e1tria\u201d.<\/p>\n<p style=\"text-align: justify;\">\u00a0<\/p>\n<p style=\"text-align: justify;\">Fonte: Ag\u00eancia Fides<\/p>\n","protected":false},"excerpt":{"rendered":"<p>Buenos Aires (Ag\u00eancia Fides) \u2013 &#8220;Celebramos na f\u00e9 e como argentinos o Bicenten\u00e1rio da Independ\u00eancia do nosso pa\u00eds&#8221;, recordando que \u201c\u00e9 um erro pensar que o universalismo pr\u00f3prio da f\u00e9 num Deus que \u00e9 Pai de todos os homens n\u00e3o possa ser compat\u00edvel com a perten\u00e7a a uma terra, a uma na\u00e7\u00e3o com a sua [&hellip;]<\/p>\n","protected":false},"author":1,"featured_media":16127,"comment_status":"open","ping_status":"open","sticky":false,"template":"","format":"standard","meta":{"footnotes":""},"categories":[4],"tags":[],"class_list":["post-16128","post","type-post","status-publish","format-standard","has-post-thumbnail","hentry","category-cotidiano"],"_links":{"self":[{"href":"https:\/\/catolicanet.net\/wp-cnet\/wp-json\/wp\/v2\/posts\/16128","targetHints":{"allow":["GET"]}}],"collection":[{"href":"https:\/\/catolicanet.net\/wp-cnet\/wp-json\/wp\/v2\/posts"}],"about":[{"href":"https:\/\/catolicanet.net\/wp-cnet\/wp-json\/wp\/v2\/types\/post"}],"author":[{"embeddable":true,"href":"https:\/\/catolicanet.net\/wp-cnet\/wp-json\/wp\/v2\/users\/1"}],"replies":[{"embeddable":true,"href":"https:\/\/catolicanet.net\/wp-cnet\/wp-json\/wp\/v2\/comments?post=16128"}],"version-history":[{"count":1,"href":"https:\/\/catolicanet.net\/wp-cnet\/wp-json\/wp\/v2\/posts\/16128\/revisions"}],"predecessor-version":[{"id":25601,"href":"https:\/\/catolicanet.net\/wp-cnet\/wp-json\/wp\/v2\/posts\/16128\/revisions\/25601"}],"wp:featuredmedia":[{"embeddable":true,"href":"https:\/\/catolicanet.net\/wp-cnet\/wp-json\/wp\/v2\/media\/16127"}],"wp:attachment":[{"href":"https:\/\/catolicanet.net\/wp-cnet\/wp-json\/wp\/v2\/media?parent=16128"}],"wp:term":[{"taxonomy":"category","embeddable":true,"href":"https:\/\/catolicanet.net\/wp-cnet\/wp-json\/wp\/v2\/categories?post=16128"},{"taxonomy":"post_tag","embeddable":true,"href":"https:\/\/catolicanet.net\/wp-cnet\/wp-json\/wp\/v2\/tags?post=16128"}],"curies":[{"name":"wp","href":"https:\/\/api.w.org\/{rel}","templated":true}]}}