{"id":1612,"date":"2012-03-23T14:00:52","date_gmt":"2012-03-23T17:00:52","guid":{"rendered":"http:\/\/catolicanet.net\/wp-cnet\/2012\/03\/23\/juri-avaliou-producoes-de-radio-para-o-premio-microfone-de-prata\/"},"modified":"2017-03-20T15:24:00","modified_gmt":"2017-03-20T18:24:00","slug":"juri-avaliou-producoes-de-radio-para-o-premio-microfone-de-prata","status":"publish","type":"post","link":"https:\/\/catolicanet.net\/wp-cnet\/juri-avaliou-producoes-de-radio-para-o-premio-microfone-de-prata\/","title":{"rendered":"J\u00fari avaliou produ\u00e7\u00f5es de r\u00e1dio para o pr\u00eamio Microfone de Prata"},"content":{"rendered":"<p style=\"text-align: justify;\"><img decoding=\"async\" src=\"images\/stories\/microfonedeprata.jpg\" border=\"0\" align=\"left\" \/>Durante todo o dia 20\/03 foi realizado na sede do Servi\u00e7o \u00e0 Pastoral da Comunica\u00e7\u00e3o, em S\u00e3o Paulo, o j\u00fari que avaliou os concorrentes ao Pr\u00eamio Microfone de Prata da CNBB. O trabalho foi coordenado pela presidente da Signis Brasil, Ir. Helena Corazza e a vice-presidente da Rede Cat\u00f3lica de R\u00e1dio (RCR) \u00c2ngela Moraes.<\/p>\n<p>Na avalia\u00e7\u00e3o de Ir. Helena, o j\u00fari escolhido para avaliar os candidatos demonstrou-se competente, por serem de forma\u00e7\u00f5es e vis\u00f5es diferentes. Isso fez com que o crit\u00e9rio de julgamento fosse bastante amplo: conte\u00fados, t\u00e9cnicas, linguagem e criatividade, tudo foi bem avaliado. Foi um trabalho colaborativo e com muita responsabilidade, afirmou a religiosa.<\/p>\n<p>O j\u00fari estava composto por representantes da diretoria da Signis Brasil, da RCR, a coordenadora do Regional Sul 1 (CNBB), uma diretora de R\u00e1dio, uma produtora de r\u00e1dio e dois ouvintes. O material recebido foi considerado de grande qualidade. Chamou-me aten\u00e7\u00e3o na parte jornal\u00edstica a abordagem aos problemas e quest\u00f5es sociais de servi\u00e7os que as diversas emissoras trabalham e como s\u00e3o sens\u00edveis \u00e0s diversas quest\u00f5es: da viol\u00eancia, de solidariedade, um jornalismo bastante critico e com an\u00e1lise da realidade, avaliou Ir. Helena. <\/p>\n<p>Para a vice-presidente da RCR, \u00c2ngela Moraes, o pr\u00eamio Microfone de Prata, que foi criado em 1989, valoriza o conte\u00fado radiof\u00f4nico veiculado pelas emissoras cat\u00f3licas. Ele valoriza o comunicador, a produ\u00e7\u00e3o, a parte t\u00e9cnica, a linguagem, e isso \u00e9 importante para qualificar o nosso produto radiof\u00f4nico.<\/p>\n<p>Os Pr\u00eamios de Comunica\u00e7\u00e3o da CNBB &#8211; dom Helder C\u00e2mara, para publica\u00e7\u00f5es impressas; Margarida de Prata, para o cinema; Clara de Assis, para televis\u00e3o; e Microfone de Prata, para as produ\u00e7\u00f5es de r\u00e1dio ser\u00e3o entregues no pr\u00f3ximo dia 20 de abril. A solenidade, que faz parte da programa\u00e7\u00e3o da 50\u00aa Assembleia Geral dos Bispos do Brasil, em Aparecida\/SP, ser\u00e1 transmitida ao vivo pelas emissoras de televis\u00e3o de inspira\u00e7\u00e3o cat\u00f3lica.<\/p>\n","protected":false},"excerpt":{"rendered":"<p>Durante todo o dia 20\/03 foi realizado na sede do Servi\u00e7o \u00e0 Pastoral da Comunica\u00e7\u00e3o, em S\u00e3o Paulo, o j\u00fari que avaliou os concorrentes ao Pr\u00eamio Microfone de Prata da CNBB. O trabalho foi coordenado pela presidente da Signis Brasil, Ir. Helena Corazza e a vice-presidente da Rede Cat\u00f3lica de R\u00e1dio (RCR) \u00c2ngela Moraes. Na [&hellip;]<\/p>\n","protected":false},"author":1,"featured_media":0,"comment_status":"closed","ping_status":"closed","sticky":false,"template":"","format":"standard","meta":{"footnotes":""},"categories":[7],"tags":[],"class_list":["post-1612","post","type-post","status-publish","format-standard","hentry","category-cnbb"],"_links":{"self":[{"href":"https:\/\/catolicanet.net\/wp-cnet\/wp-json\/wp\/v2\/posts\/1612","targetHints":{"allow":["GET"]}}],"collection":[{"href":"https:\/\/catolicanet.net\/wp-cnet\/wp-json\/wp\/v2\/posts"}],"about":[{"href":"https:\/\/catolicanet.net\/wp-cnet\/wp-json\/wp\/v2\/types\/post"}],"author":[{"embeddable":true,"href":"https:\/\/catolicanet.net\/wp-cnet\/wp-json\/wp\/v2\/users\/1"}],"replies":[{"embeddable":true,"href":"https:\/\/catolicanet.net\/wp-cnet\/wp-json\/wp\/v2\/comments?post=1612"}],"version-history":[{"count":1,"href":"https:\/\/catolicanet.net\/wp-cnet\/wp-json\/wp\/v2\/posts\/1612\/revisions"}],"predecessor-version":[{"id":6786,"href":"https:\/\/catolicanet.net\/wp-cnet\/wp-json\/wp\/v2\/posts\/1612\/revisions\/6786"}],"wp:attachment":[{"href":"https:\/\/catolicanet.net\/wp-cnet\/wp-json\/wp\/v2\/media?parent=1612"}],"wp:term":[{"taxonomy":"category","embeddable":true,"href":"https:\/\/catolicanet.net\/wp-cnet\/wp-json\/wp\/v2\/categories?post=1612"},{"taxonomy":"post_tag","embeddable":true,"href":"https:\/\/catolicanet.net\/wp-cnet\/wp-json\/wp\/v2\/tags?post=1612"}],"curies":[{"name":"wp","href":"https:\/\/api.w.org\/{rel}","templated":true}]}}