{"id":16074,"date":"2016-07-08T17:14:22","date_gmt":"2016-07-08T20:14:22","guid":{"rendered":"http:\/\/catolicanet.net\/wp-cnet\/2016\/07\/08\/europaitalia-grande-participacao-na-vigilia-por-emmanuel-conta-a-fides-o-vigario-de-fermo\/"},"modified":"2017-05-31T10:04:52","modified_gmt":"2017-05-31T13:04:52","slug":"europaitalia-grande-participacao-na-vigilia-por-emmanuel-conta-a-fides-o-vigario-de-fermo","status":"publish","type":"post","link":"https:\/\/catolicanet.net\/wp-cnet\/europaitalia-grande-participacao-na-vigilia-por-emmanuel-conta-a-fides-o-vigario-de-fermo\/","title":{"rendered":"EUROPA\/IT\u00c1LIA &#8211; \u201cGrande participa\u00e7\u00e3o na vig\u00edlia por Emmanuel\u201d, conta a Fides o Vig\u00e1rio de Fermo"},"content":{"rendered":"<p style=\"text-align: justify;\"><img decoding=\"async\" src=\"http:\/\/www.catolicanet.com.br\/images\/stories\/noticias\/primopiano_2054.jpg\" border=\"0\" align=\"left\" \/>Fermo (Ag\u00eancia Fides) \u2013 \u201cAt\u00e9 hoje, em Fermo, nunca tinham sido registrados casos de viol\u00eancia racista, a cidade saber\u00e1 mostrar o bem, que \u00e9 muito maior\u201d. Este \u00e9 o coment\u00e1rio feito \u00e0 Ag\u00eancia Fides por Pe. Pietro Orazi, Vig\u00e1rio da diocese de Fermo, sobre a morte de um nigeriano requerente de asilo, Emmanuel, assassinado por um cidad\u00e3o local. O assassinato ocorreu quando o jovem, que \u00e9 crist\u00e3o, defendeu a esposa de insultos racistas. O casal fugiu da Nig\u00e9ria depois de perder quase todos os familiares num atentado de Boko Haram. \u201cAqui em Fermo &#8211; continua Pe. Pietro \u2013, os estrangeiros s\u00e3o muitos, e todos bem integrados. Com frequ\u00eancia, os requerentes de asilo s\u00e3o chamados a contar suas hist\u00f3rias nas escolas e nas reuni\u00f5es das associa\u00e7\u00f5es cat\u00f3licas.\u201d<br \/>\u201cOntem \u00e0 noite \u2013 acrescentou o Vig\u00e1rio -, na vig\u00edlia de ora\u00e7\u00e3o por Emmanuel houve grande participa\u00e7\u00e3o por parte das autoridades pol\u00edticas, civis e religiosas. Tamb\u00e9m participaram associa\u00e7\u00f5es cat\u00f3licas e laicas, grupos juvenis vindos de outras cidades que, no passado, participaram de encontros em que o jovem casal nigeriano contou a sua experi\u00eancia\u201d.<br \/>Nas depend\u00eancias do Semin\u00e1rio episcopal de Fermo vivem 124 pessoas, sobretudo de origem subsaariana, provenientes de Nig\u00e9ria, Mali e G\u00e2mbia. O empenho da diocese pelos requerentes de asilo n\u00e3o se limita \u00e0 hospitalidade no Semin\u00e1rio. Atrav\u00e9s da Funda\u00e7\u00e3o Sagrini, ligada \u00e0 diocese, s\u00e3o assistidas mulheres gr\u00e1vidas e com filhos\u201d.<\/p>\n<p style=\"text-align: justify;\">\u00a0<\/p>\n<p style=\"text-align: justify;\">Fonte: Ag\u00eancia Fides<\/p>\n","protected":false},"excerpt":{"rendered":"<p>Fermo (Ag\u00eancia Fides) \u2013 \u201cAt\u00e9 hoje, em Fermo, nunca tinham sido registrados casos de viol\u00eancia racista, a cidade saber\u00e1 mostrar o bem, que \u00e9 muito maior\u201d. Este \u00e9 o coment\u00e1rio feito \u00e0 Ag\u00eancia Fides por Pe. Pietro Orazi, Vig\u00e1rio da diocese de Fermo, sobre a morte de um nigeriano requerente de asilo, Emmanuel, assassinado por [&hellip;]<\/p>\n","protected":false},"author":1,"featured_media":16073,"comment_status":"open","ping_status":"open","sticky":false,"template":"","format":"standard","meta":{"footnotes":""},"categories":[4],"tags":[],"class_list":["post-16074","post","type-post","status-publish","format-standard","has-post-thumbnail","hentry","category-cotidiano"],"_links":{"self":[{"href":"https:\/\/catolicanet.net\/wp-cnet\/wp-json\/wp\/v2\/posts\/16074","targetHints":{"allow":["GET"]}}],"collection":[{"href":"https:\/\/catolicanet.net\/wp-cnet\/wp-json\/wp\/v2\/posts"}],"about":[{"href":"https:\/\/catolicanet.net\/wp-cnet\/wp-json\/wp\/v2\/types\/post"}],"author":[{"embeddable":true,"href":"https:\/\/catolicanet.net\/wp-cnet\/wp-json\/wp\/v2\/users\/1"}],"replies":[{"embeddable":true,"href":"https:\/\/catolicanet.net\/wp-cnet\/wp-json\/wp\/v2\/comments?post=16074"}],"version-history":[{"count":1,"href":"https:\/\/catolicanet.net\/wp-cnet\/wp-json\/wp\/v2\/posts\/16074\/revisions"}],"predecessor-version":[{"id":25609,"href":"https:\/\/catolicanet.net\/wp-cnet\/wp-json\/wp\/v2\/posts\/16074\/revisions\/25609"}],"wp:featuredmedia":[{"embeddable":true,"href":"https:\/\/catolicanet.net\/wp-cnet\/wp-json\/wp\/v2\/media\/16073"}],"wp:attachment":[{"href":"https:\/\/catolicanet.net\/wp-cnet\/wp-json\/wp\/v2\/media?parent=16074"}],"wp:term":[{"taxonomy":"category","embeddable":true,"href":"https:\/\/catolicanet.net\/wp-cnet\/wp-json\/wp\/v2\/categories?post=16074"},{"taxonomy":"post_tag","embeddable":true,"href":"https:\/\/catolicanet.net\/wp-cnet\/wp-json\/wp\/v2\/tags?post=16074"}],"curies":[{"name":"wp","href":"https:\/\/api.w.org\/{rel}","templated":true}]}}