{"id":16072,"date":"2016-07-08T17:10:22","date_gmt":"2016-07-08T20:10:22","guid":{"rendered":"http:\/\/catolicanet.net\/wp-cnet\/2016\/07\/08\/africanigeria-o-sequestro-de-sacerdotes-e-um-ataque-a-igreja-encontrados-os-restos-do-pe-john-adeyi-sequestrado-em-abril\/"},"modified":"2017-05-31T10:04:53","modified_gmt":"2017-05-31T13:04:53","slug":"africanigeria-o-sequestro-de-sacerdotes-e-um-ataque-a-igreja-encontrados-os-restos-do-pe-john-adeyi-sequestrado-em-abril","status":"publish","type":"post","link":"https:\/\/catolicanet.net\/wp-cnet\/africanigeria-o-sequestro-de-sacerdotes-e-um-ataque-a-igreja-encontrados-os-restos-do-pe-john-adeyi-sequestrado-em-abril\/","title":{"rendered":"\u00c1FRICA\/NIG\u00c9RIA &#8211; \u201cO sequestro de sacerdotes \u00e9 um ataque \u00e0 Igreja\u201d; encontrados os restos do pe. John Adeyi, sequestrado em abril"},"content":{"rendered":"<p style=\"text-align: justify;\"><img decoding=\"async\" src=\"http:\/\/www.catolicanet.com.br\/images\/stories\/noticias\/primopiano_2055.jpg\" border=\"0\" align=\"left\" \/>Abuja (Ag\u00eancia Fides) &#8211; A recente onda de sequestros de sacerdotes e religiosos \u00e9 \u201cum ataque \u00e0 Igreja\u201d, afirma Pe. Sylvester Onmoke, rec\u00e9m-eleito Presidente da Associa\u00e7\u00e3o dos padres diocesanos da Nig\u00e9ria (President of the Nigeria Catholic Diocesan Priests Association, NCDPA).<br \/>O caso mais dram\u00e1tico \u00e9 o do pe. John Adeyi, Vig\u00e1rio-Geral da diocese de Otukpo, no Estado nigeriano de Benue, sequestrado em 24 ade abril (veja Fides 29\/4\/2016), e cujos restos foram encontrados dois meses depois, em 22 de junho, nas proximidades do complexo da Ogbadibo Local Government Education Authority em Otukpa, a sua cidade natal.<br \/>Os seus sequestrados pediram um resgate para libertar o sacerdote. Embora a fam\u00edlia do Vig\u00e1rio tenha entregue a quantia solicitada, o sacerdote n\u00e3o foi libertado. Depois, houve o tr\u00e1gico descobrimento do seu corpo j\u00e1 em decomposi\u00e7\u00e3o.<br \/>Em 23 de junho, foi sequestrado o pe. Julius Gospel Inalegwu, na sua par\u00f3quia, St. Joseph Catholic Church, Jitan \u2013 Dutse, na Tudun Wada Local Government Council, no Estado de Kano. De acordo com Dom John Namaza Niyiring, Bispo de Kano, os seus sequestradores pediram um resgate de 20 milh\u00f5es de Naira (63.898,65 Euros).<br \/>A corrup\u00e7\u00e3o e a sede de dinheiro que aflige a sociedade nigeriana continua sendo uma das principais causas dos sequestros de sacerdotes, segundo Pe. Onmoke. O Presidente da Associa\u00e7\u00e3o dos padres nigerianos critica o m\u00e1 exemplo dado por pol\u00edticos e funcion\u00e1rios corruptos que, ostentando sua riqueza obtida de modo il\u00edcito, impulsionam outros a buscar dinheiro f\u00e1cil e com todos os meios. A isso se acrescenta, segundo o sacerdote, a frustra\u00e7\u00e3o difundida entre a popula\u00e7\u00e3o com o desemprego e a falta de pagamento dos sal\u00e1rios dos trabalhadores.<br \/>Pe. Onmoke pede ao governo que garanta a seguran\u00e7a de todos e que aplique pol\u00edticas para enfrentar os males do pa\u00eds. Convida ainda os fi\u00e9is a rezarem para que sacerdotes e religiosos sejam protegidos da amea\u00e7a dos sequestros.<\/p>\n<p style=\"text-align: justify;\">\u00a0<\/p>\n<p style=\"text-align: justify;\">Fonte: Ag\u00eancia Fides<\/p>\n","protected":false},"excerpt":{"rendered":"<p>Abuja (Ag\u00eancia Fides) &#8211; A recente onda de sequestros de sacerdotes e religiosos \u00e9 \u201cum ataque \u00e0 Igreja\u201d, afirma Pe. Sylvester Onmoke, rec\u00e9m-eleito Presidente da Associa\u00e7\u00e3o dos padres diocesanos da Nig\u00e9ria (President of the Nigeria Catholic Diocesan Priests Association, NCDPA).O caso mais dram\u00e1tico \u00e9 o do pe. John Adeyi, Vig\u00e1rio-Geral da diocese de Otukpo, no [&hellip;]<\/p>\n","protected":false},"author":1,"featured_media":16071,"comment_status":"open","ping_status":"open","sticky":false,"template":"","format":"standard","meta":{"footnotes":""},"categories":[4],"tags":[],"class_list":["post-16072","post","type-post","status-publish","format-standard","has-post-thumbnail","hentry","category-cotidiano"],"_links":{"self":[{"href":"https:\/\/catolicanet.net\/wp-cnet\/wp-json\/wp\/v2\/posts\/16072","targetHints":{"allow":["GET"]}}],"collection":[{"href":"https:\/\/catolicanet.net\/wp-cnet\/wp-json\/wp\/v2\/posts"}],"about":[{"href":"https:\/\/catolicanet.net\/wp-cnet\/wp-json\/wp\/v2\/types\/post"}],"author":[{"embeddable":true,"href":"https:\/\/catolicanet.net\/wp-cnet\/wp-json\/wp\/v2\/users\/1"}],"replies":[{"embeddable":true,"href":"https:\/\/catolicanet.net\/wp-cnet\/wp-json\/wp\/v2\/comments?post=16072"}],"version-history":[{"count":1,"href":"https:\/\/catolicanet.net\/wp-cnet\/wp-json\/wp\/v2\/posts\/16072\/revisions"}],"predecessor-version":[{"id":25610,"href":"https:\/\/catolicanet.net\/wp-cnet\/wp-json\/wp\/v2\/posts\/16072\/revisions\/25610"}],"wp:featuredmedia":[{"embeddable":true,"href":"https:\/\/catolicanet.net\/wp-cnet\/wp-json\/wp\/v2\/media\/16071"}],"wp:attachment":[{"href":"https:\/\/catolicanet.net\/wp-cnet\/wp-json\/wp\/v2\/media?parent=16072"}],"wp:term":[{"taxonomy":"category","embeddable":true,"href":"https:\/\/catolicanet.net\/wp-cnet\/wp-json\/wp\/v2\/categories?post=16072"},{"taxonomy":"post_tag","embeddable":true,"href":"https:\/\/catolicanet.net\/wp-cnet\/wp-json\/wp\/v2\/tags?post=16072"}],"curies":[{"name":"wp","href":"https:\/\/api.w.org\/{rel}","templated":true}]}}