{"id":16066,"date":"2016-07-08T16:51:35","date_gmt":"2016-07-08T19:51:35","guid":{"rendered":"http:\/\/catolicanet.net\/wp-cnet\/2016\/07\/08\/a-rede-mundial-de-oracao-do-papa-e-o-que-antes-se-chamava-apostolado-de-oracao-disse-pe-frederic-fornos-sj\/"},"modified":"2017-05-31T10:04:54","modified_gmt":"2017-05-31T13:04:54","slug":"a-rede-mundial-de-oracao-do-papa-e-o-que-antes-se-chamava-apostolado-de-oracao-disse-pe-frederic-fornos-sj","status":"publish","type":"post","link":"https:\/\/catolicanet.net\/wp-cnet\/a-rede-mundial-de-oracao-do-papa-e-o-que-antes-se-chamava-apostolado-de-oracao-disse-pe-frederic-fornos-sj\/","title":{"rendered":"\u201cA Rede Mundial de Ora\u00e7\u00e3o do Papa \u00e9 o que antes se chamava Apostolado de Ora\u00e7\u00e3o\u201d, disse Pe. Fr\u00e9deric Fornos, SJ"},"content":{"rendered":"<p style=\"text-align: justify;\"><img decoding=\"async\" src=\"http:\/\/www.catolicanet.com.br\/images\/stories\/noticias\/captura_de_pantalla_2016-.png\" border=\"0\" align=\"left\" \/>ZENIT entrevista o Pe. Fr\u00e9deric Fornos, SJ, Diretor Internacional da Rede Mundial de Ora\u00e7\u00e3o do Papa<\/p>\n<p>Orar pelas inten\u00e7\u00f5es do Papa cada m\u00eas tornou-se um fen\u00f4meno viral nas redes sociais gra\u00e7as ao projeto organizado pela Rede Mundial de Ora\u00e7\u00e3o do Papa, conhecido como o V\u00eddeo do Papa.<\/p>\n<p>Um projeto que come\u00e7ou em janeiro e que j\u00e1 conseguiu chegar a milhares de pessoas.<\/p>\n<p>\u201cA Rede Mundial de Ora\u00e7\u00e3o do Papa \u00e9 o que antes se chamava Apostolado de Ora\u00e7\u00e3o\u201d, disse \u00e0 ZENIT o\u00a0 Pe. Fr\u00e9d\u00e9ric Fornos, SJ Diretor Internacional da Rede Mundial de Ora\u00e7\u00e3o do Papa. \u201cDurante mais de 172 anos inovamos de diferentes formas\u201d.<\/p>\n<p>Muitas iniciativas pastorais da Igreja acabam apoiando-se nesses v\u00eddeos. \u201cPor exemplo, a Confer\u00eancia Episcopal do Paraguai apoiou-se no V\u00eddeo do Papa sobre a situa\u00e7\u00e3o dos pequenos agricultores para dar o seu apoio aos campesinos do seu pa\u00eds\u201d, disse.<\/p>\n<p>O v\u00eddeo \u00e9 publicado em 10 idiomas: \u201cespanhol, ingl\u00eas, portugu\u00eas, franc\u00eas, italiano, chin\u00eas mandarim, \u00e1rabe, alem\u00e3o, holand\u00eas e hebreu\u201d.<\/p>\n<p>Pe. Fornos tamb\u00e9m disse que \u201cUm grande n\u00famero de emissoras no mundo, de todos os continentes, o est\u00e3o mostrando\u201d. Supera as 10 milh\u00f5es de visualiza\u00e7\u00f5es nas \u201cnossas redes sociais e parceiros. Um n\u00famero que se multiplica exponencialmente ao acrescentar as reprodu\u00e7\u00f5es do v\u00eddeo em jornais e outros meios de comunica\u00e7\u00e3o de todo o mundo que o publicaram\u201d.<\/p>\n<p>\u201cA Imprensa mundial tamb\u00e9m est\u00e1 surpresa com esta iniciativa \u2013 revelou \u2013 J\u00e1 registramos mais de 1.400 notas publicadas em todo o mundo, desde CNN, para dar um exemplo, at\u00e9 jornais locais da \u00c1sia.\u201d<\/p>\n<p>\u00c9 poss\u00edvel ajudar o projeto com doa\u00e7\u00f5es, seguindo este link: http:\/\/thepopevideo.org\/es\/quiero-involucrarme.html<\/p>\n<p style=\"text-align: justify;\">\u00a0<\/p>\n<p style=\"text-align: justify;\">Fonte: Zenit<\/p>\n","protected":false},"excerpt":{"rendered":"<p>ZENIT entrevista o Pe. Fr\u00e9deric Fornos, SJ, Diretor Internacional da Rede Mundial de Ora\u00e7\u00e3o do Papa Orar pelas inten\u00e7\u00f5es do Papa cada m\u00eas tornou-se um fen\u00f4meno viral nas redes sociais gra\u00e7as ao projeto organizado pela Rede Mundial de Ora\u00e7\u00e3o do Papa, conhecido como o V\u00eddeo do Papa. Um projeto que come\u00e7ou em janeiro e que [&hellip;]<\/p>\n","protected":false},"author":1,"featured_media":16065,"comment_status":"open","ping_status":"open","sticky":false,"template":"","format":"standard","meta":{"footnotes":""},"categories":[4],"tags":[],"class_list":["post-16066","post","type-post","status-publish","format-standard","has-post-thumbnail","hentry","category-cotidiano"],"_links":{"self":[{"href":"https:\/\/catolicanet.net\/wp-cnet\/wp-json\/wp\/v2\/posts\/16066","targetHints":{"allow":["GET"]}}],"collection":[{"href":"https:\/\/catolicanet.net\/wp-cnet\/wp-json\/wp\/v2\/posts"}],"about":[{"href":"https:\/\/catolicanet.net\/wp-cnet\/wp-json\/wp\/v2\/types\/post"}],"author":[{"embeddable":true,"href":"https:\/\/catolicanet.net\/wp-cnet\/wp-json\/wp\/v2\/users\/1"}],"replies":[{"embeddable":true,"href":"https:\/\/catolicanet.net\/wp-cnet\/wp-json\/wp\/v2\/comments?post=16066"}],"version-history":[{"count":1,"href":"https:\/\/catolicanet.net\/wp-cnet\/wp-json\/wp\/v2\/posts\/16066\/revisions"}],"predecessor-version":[{"id":25613,"href":"https:\/\/catolicanet.net\/wp-cnet\/wp-json\/wp\/v2\/posts\/16066\/revisions\/25613"}],"wp:featuredmedia":[{"embeddable":true,"href":"https:\/\/catolicanet.net\/wp-cnet\/wp-json\/wp\/v2\/media\/16065"}],"wp:attachment":[{"href":"https:\/\/catolicanet.net\/wp-cnet\/wp-json\/wp\/v2\/media?parent=16066"}],"wp:term":[{"taxonomy":"category","embeddable":true,"href":"https:\/\/catolicanet.net\/wp-cnet\/wp-json\/wp\/v2\/categories?post=16066"},{"taxonomy":"post_tag","embeddable":true,"href":"https:\/\/catolicanet.net\/wp-cnet\/wp-json\/wp\/v2\/tags?post=16066"}],"curies":[{"name":"wp","href":"https:\/\/api.w.org\/{rel}","templated":true}]}}