{"id":16064,"date":"2016-07-08T16:45:26","date_gmt":"2016-07-08T19:45:26","guid":{"rendered":"http:\/\/catolicanet.net\/wp-cnet\/2016\/07\/08\/lider-dos-anglicanos-vai-acolher-uma-familia-de-refugiados-sirios-na-sua-residencia\/"},"modified":"2017-05-31T10:04:54","modified_gmt":"2017-05-31T13:04:54","slug":"lider-dos-anglicanos-vai-acolher-uma-familia-de-refugiados-sirios-na-sua-residencia","status":"publish","type":"post","link":"https:\/\/catolicanet.net\/wp-cnet\/lider-dos-anglicanos-vai-acolher-uma-familia-de-refugiados-sirios-na-sua-residencia\/","title":{"rendered":"L\u00edder dos anglicanos vai acolher uma fam\u00edlia de refugiados s\u00edrios na sua resid\u00eancia"},"content":{"rendered":"<p style=\"text-align: justify;\"><img decoding=\"async\" src=\"http:\/\/www.catolicanet.com.br\/images\/stories\/noticias\/justin_welby_at_seoul_cathedral-740x493.jpg\" border=\"0\" align=\"left\" \/>O gesto do prelado anglicano segue o exemplo do Papa Francisco que acolheu v\u00e1rias fam\u00edlias s\u00edrias no Vaticano<\/p>\n<p>O Arcebispo de Cantu\u00e1rio, Justin Welby, l\u00edder dos anglicanos no mundo, vai acolher uma fam\u00edlia de refugiados s\u00edrios em sua resid\u00eancia.<\/p>\n<p>A acolhida \u2013 segundo a R\u00e1dio Vaticano \u2013 de uma fam\u00edlia de refugiados na \u00e1rea da resid\u00eancia do Arcebispo realiza-se 11 meses depois que o ent\u00e3o Primeiro Ministro David Cameron havia se comprometido em oferecer asilo a 20 mil s\u00edrios, medida duramente criticada por Welby, por considerar o n\u00famero \u201cmuito ex\u00edguo\u201d em rela\u00e7\u00e3o ao esfor\u00e7o da Alemanha em acolher mais de 1 milh\u00e3o de pessoas em fuga da guerra.<\/p>\n<p>O gesto do prelado anglicano segue o exemplo do Papa Francisco que acolheu v\u00e1rias fam\u00edlias s\u00edrias no Vaticano. O pont\u00edfice tamb\u00e9m pediu para que cada par\u00f3quia e fam\u00edlia europeia fizessem o mesmo.<\/p>\n<p style=\"text-align: justify;\">\u00a0<\/p>\n<p style=\"text-align: justify;\">Fonte: Zenit<\/p>\n","protected":false},"excerpt":{"rendered":"<p>O gesto do prelado anglicano segue o exemplo do Papa Francisco que acolheu v\u00e1rias fam\u00edlias s\u00edrias no Vaticano O Arcebispo de Cantu\u00e1rio, Justin Welby, l\u00edder dos anglicanos no mundo, vai acolher uma fam\u00edlia de refugiados s\u00edrios em sua resid\u00eancia. A acolhida \u2013 segundo a R\u00e1dio Vaticano \u2013 de uma fam\u00edlia de refugiados na \u00e1rea da [&hellip;]<\/p>\n","protected":false},"author":1,"featured_media":16063,"comment_status":"open","ping_status":"open","sticky":false,"template":"","format":"standard","meta":{"footnotes":""},"categories":[4],"tags":[],"class_list":["post-16064","post","type-post","status-publish","format-standard","has-post-thumbnail","hentry","category-cotidiano"],"_links":{"self":[{"href":"https:\/\/catolicanet.net\/wp-cnet\/wp-json\/wp\/v2\/posts\/16064","targetHints":{"allow":["GET"]}}],"collection":[{"href":"https:\/\/catolicanet.net\/wp-cnet\/wp-json\/wp\/v2\/posts"}],"about":[{"href":"https:\/\/catolicanet.net\/wp-cnet\/wp-json\/wp\/v2\/types\/post"}],"author":[{"embeddable":true,"href":"https:\/\/catolicanet.net\/wp-cnet\/wp-json\/wp\/v2\/users\/1"}],"replies":[{"embeddable":true,"href":"https:\/\/catolicanet.net\/wp-cnet\/wp-json\/wp\/v2\/comments?post=16064"}],"version-history":[{"count":1,"href":"https:\/\/catolicanet.net\/wp-cnet\/wp-json\/wp\/v2\/posts\/16064\/revisions"}],"predecessor-version":[{"id":25614,"href":"https:\/\/catolicanet.net\/wp-cnet\/wp-json\/wp\/v2\/posts\/16064\/revisions\/25614"}],"wp:featuredmedia":[{"embeddable":true,"href":"https:\/\/catolicanet.net\/wp-cnet\/wp-json\/wp\/v2\/media\/16063"}],"wp:attachment":[{"href":"https:\/\/catolicanet.net\/wp-cnet\/wp-json\/wp\/v2\/media?parent=16064"}],"wp:term":[{"taxonomy":"category","embeddable":true,"href":"https:\/\/catolicanet.net\/wp-cnet\/wp-json\/wp\/v2\/categories?post=16064"},{"taxonomy":"post_tag","embeddable":true,"href":"https:\/\/catolicanet.net\/wp-cnet\/wp-json\/wp\/v2\/tags?post=16064"}],"curies":[{"name":"wp","href":"https:\/\/api.w.org\/{rel}","templated":true}]}}