{"id":16060,"date":"2016-07-08T16:34:52","date_gmt":"2016-07-08T19:34:52","guid":{"rendered":"http:\/\/catolicanet.net\/wp-cnet\/2016\/07\/08\/ferias-igreja-pede-turismo-com-respeito-por-todos-incluindo-trabalhadores-do-setor\/"},"modified":"2017-05-31T10:04:56","modified_gmt":"2017-05-31T13:04:56","slug":"ferias-igreja-pede-turismo-com-respeito-por-todos-incluindo-trabalhadores-do-setor","status":"publish","type":"post","link":"https:\/\/catolicanet.net\/wp-cnet\/ferias-igreja-pede-turismo-com-respeito-por-todos-incluindo-trabalhadores-do-setor\/","title":{"rendered":"F\u00e9rias: Igreja pede Turismo com respeito por todos, incluindo trabalhadores do setor"},"content":{"rendered":"<p style=\"text-align: justify;\"><img decoding=\"async\" src=\"http:\/\/www.catolicanet.com.br\/images\/stories\/noticias\/turismo_portugal.jpg\" border=\"0\" align=\"left\" \/>Respons\u00e1vel nacional apresenta desafios para per\u00edodo do ver\u00e3o<\/p>\n<p>Lisboa, 08 jul 2016 (Ecclesia) &#8211; O diretor da Obra Nacional da Pastoral do Turismo (ONPT), da Igreja Cat\u00f3lica em Portugal, lan\u00e7ou uma mensagem para a \u00e9poca balnear de 2016 em que defende uma atividade tur\u00edstica que respeite cada pessoa, incluindo os trabalhadores do setor.<\/p>\n<p>\u201cO turismo deve servir a todos e n\u00e3o apenas a algumas pessoas ou segmentos da sociedade. Desde logo, dever\u00e1 promover-se um turismo que contemple os direitos e deveres dos trabalhadores do setor\u201d, escreve o padre Carlos Godinho, numa nota enviada \u00e0 Ag\u00eancia ECCLESIA e divulgada hoje pela ONPT.<\/p>\n<p>O respons\u00e1vel recorda que os per\u00edodos de maior aflu\u00eancia de turistas s\u00e3o marcados por \u201cexig\u00eancias\u201d que podem descurar os direitos destes trabalhadores, pedindo aten\u00e7\u00e3o \u00e0 \u201crela\u00e7\u00e3o entre tempo de trabalho e sua justa compensa\u00e7\u00e3o econ\u00f4mica\u201d.<\/p>\n<p>O sacerdote cat\u00f3lico coloca o pr\u00f3ximo per\u00edodo de f\u00e9rias em rela\u00e7\u00e3o com o Jubileu da Miseric\u00f3rdia proclamado pelo Papa (dezembro 2015-novembro 2016), no qual se devem promover \u201catitudes de acolhimento, de partilha fraterna, mas igualmente na corre\u00e7\u00e3o sincera, quando em causa possam estar valores pessoais, culturais ou patrimoniais\u201d.<\/p>\n<p>\u201cA pessoa do turista tem de constituir o centro de toda a atividade do turismo, considerando que este \u00e9 uma a\u00e7\u00e3o de pessoas para pessoas\u201d, sustenta.<\/p>\n<p>A tradicional pr\u00e1tica das Obras de Miseric\u00f3rdia na Igreja Cat\u00f3lica, assinala, deve inspirar os respons\u00e1veis tur\u00edsticos ao \u201cacolhimento sincero de cada pessoa, em aut\u00eantico amor fraterno, respondendo \u00e0s suas necessidades\u201d.<\/p>\n<p>O padre Carlos Godinho alude em particular \u00e0 Obra de Miseric\u00f3rdia que define a necessidade de \u201cacolher o peregrino\u201d.<\/p>\n<p>\u201cNela se evidencia a vulnerabilidade de quem se encontra longe da sua p\u00e1tria, da sua casa, bem como da comunidade humana de perten\u00e7a, necessitando, portanto, de um especial cuidado de quem o acolhe\u201d, precisa.<\/p>\n<p>A mensagem real\u00e7a o impacto do turismo enquanto atividade econ\u00f3mica, que pode viabilizar o desenvolvimento comum, \u201cquando as receitas da atividade tur\u00edstica s\u00e3o reinvestidas em proveito do bem de todos\u201d.<\/p>\n<p>O diretor da ONPT faz tamb\u00e9m refer\u00eancia \u00e0s preocupa\u00e7\u00f5es \u201csociais e ambientais\u201d que a atividade tur\u00edstica tem suscitado, apelando a \u201cmedidas de defesa do ambiente e, consequentemente, de defesa das comunidades e respectivas pessoas\u201d.<\/p>\n<p style=\"text-align: justify;\">\u00a0<\/p>\n<p style=\"text-align: justify;\">Fonte: Ag\u00eancia Ecclesia<\/p>\n","protected":false},"excerpt":{"rendered":"<p>Respons\u00e1vel nacional apresenta desafios para per\u00edodo do ver\u00e3o Lisboa, 08 jul 2016 (Ecclesia) &#8211; O diretor da Obra Nacional da Pastoral do Turismo (ONPT), da Igreja Cat\u00f3lica em Portugal, lan\u00e7ou uma mensagem para a \u00e9poca balnear de 2016 em que defende uma atividade tur\u00edstica que respeite cada pessoa, incluindo os trabalhadores do setor. \u201cO turismo [&hellip;]<\/p>\n","protected":false},"author":1,"featured_media":16059,"comment_status":"open","ping_status":"open","sticky":false,"template":"","format":"standard","meta":{"footnotes":""},"categories":[4],"tags":[],"class_list":["post-16060","post","type-post","status-publish","format-standard","has-post-thumbnail","hentry","category-cotidiano"],"_links":{"self":[{"href":"https:\/\/catolicanet.net\/wp-cnet\/wp-json\/wp\/v2\/posts\/16060","targetHints":{"allow":["GET"]}}],"collection":[{"href":"https:\/\/catolicanet.net\/wp-cnet\/wp-json\/wp\/v2\/posts"}],"about":[{"href":"https:\/\/catolicanet.net\/wp-cnet\/wp-json\/wp\/v2\/types\/post"}],"author":[{"embeddable":true,"href":"https:\/\/catolicanet.net\/wp-cnet\/wp-json\/wp\/v2\/users\/1"}],"replies":[{"embeddable":true,"href":"https:\/\/catolicanet.net\/wp-cnet\/wp-json\/wp\/v2\/comments?post=16060"}],"version-history":[{"count":1,"href":"https:\/\/catolicanet.net\/wp-cnet\/wp-json\/wp\/v2\/posts\/16060\/revisions"}],"predecessor-version":[{"id":25616,"href":"https:\/\/catolicanet.net\/wp-cnet\/wp-json\/wp\/v2\/posts\/16060\/revisions\/25616"}],"wp:featuredmedia":[{"embeddable":true,"href":"https:\/\/catolicanet.net\/wp-cnet\/wp-json\/wp\/v2\/media\/16059"}],"wp:attachment":[{"href":"https:\/\/catolicanet.net\/wp-cnet\/wp-json\/wp\/v2\/media?parent=16060"}],"wp:term":[{"taxonomy":"category","embeddable":true,"href":"https:\/\/catolicanet.net\/wp-cnet\/wp-json\/wp\/v2\/categories?post=16060"},{"taxonomy":"post_tag","embeddable":true,"href":"https:\/\/catolicanet.net\/wp-cnet\/wp-json\/wp\/v2\/tags?post=16060"}],"curies":[{"name":"wp","href":"https:\/\/api.w.org\/{rel}","templated":true}]}}