{"id":16034,"date":"2016-07-08T12:51:50","date_gmt":"2016-07-08T15:51:50","guid":{"rendered":"http:\/\/catolicanet.net\/wp-cnet\/2016\/07\/08\/brasil-lidera-aumento-de-consumo-de-peixes-de-aquicultura\/"},"modified":"2017-06-02T09:54:37","modified_gmt":"2017-06-02T12:54:37","slug":"brasil-lidera-aumento-de-consumo-de-peixes-de-aquicultura","status":"publish","type":"post","link":"https:\/\/catolicanet.net\/wp-cnet\/brasil-lidera-aumento-de-consumo-de-peixes-de-aquicultura\/","title":{"rendered":"Brasil lidera aumento de consumo de peixes de aquicultura"},"content":{"rendered":"<p style=\"text-align: justify;\"><img decoding=\"async\" src=\"http:\/\/www.catolicanet.com.br\/images\/stories\/noticias\/afp4040695_articolo.jpg\" border=\"0\" align=\"left\" \/>O consumo mundial de peixes de aquicultura superou pela primeira vez na hist\u00f3ria a pesca natural. Os dados foram divulgados nesta sexta-feira (08\/07), pela Organiza\u00e7\u00e3o das Na\u00e7\u00f5es Unidas para a Agricultura e Alimenta\u00e7\u00e3o (FAO).<\/p>\n<p>O Relat\u00f3rio anual sobre o estado da Pesca e Aquicultura no mundo revela ainda que o Brasil est\u00e1 entre os 25 maiores produtores de peixes de aquicultura.<\/p>\n<p>O Diretor Geral da FAO, Jos\u00e9 Graziano da Silva, afirmou que o consumo de peixes de aquicultura superou o de pesca natural no pa\u00eds. Atualmente, mais de 50% dos peixes consumidos no Brasil s\u00e3o provenientes da piscicultura.<\/p>\n<p>\u201cO Brasil est\u00e1 na lideran\u00e7a dos pa\u00edses que aumentaram o consumo de peixe. H\u00e1 poucos pa\u00edses, infelizmente, que est\u00e3o aumentando este tipo de consumo. Digo infelizmente porque o peixe tem se mostrado uma prote\u00edna de melhor qualidade para o consumo humano e recomendado para uma dieta saud\u00e1vel\u201d, explicou.<\/p>\n<p>Potencial<\/p>\n<p>Graziano afirma que o Brasil det\u00e9m um grande potencial de crescimento para o setor. Ele cita grandes a\u00e7udes e lagos que podem ser utilizados para a piscicultura gra\u00e7as a uma lei que reconhece estas \u00e1guas como p\u00fablicas. Por\u00e9m, adverte que o Governo brasileiro deve defender os pequenos aquicultores e pescadores.<\/p>\n<p>\u201cH\u00e1 sempre uma tend\u00eancia, uma vez estabelecida uma atividade lucrativa como \u00e9 a aquicultura hoje no Brasil, que grandes empresas entrem neste mercado. Isso \u00e9 parte da tend\u00eancia econ\u00f4mica de grandes grupos econ\u00f4micos que procuram alternativas para a invers\u00e3o dos seus capitais. O que precisa ser feito \u00e9 o que vem sendo feito, mas em maior escala: proteger os pequenos. \u00c9 papel do Estado proteger os pequenos\u201d, reiterou.<\/p>\n<p>Brasil fora de tratado internacional<\/p>\n<p>\u00c0s v\u00e9speras da entrada em vigor do Acordo Internacional da FAO que prev\u00ea a fiscaliza\u00e7\u00e3o de navios de bandeiras estrangeiras em portos nacionais, Graziano da Silva recordou que o Brasil ainda n\u00e3o est\u00e1 entre os pa\u00edses que assinaram o Acordo.<\/p>\n<p>\u201cN\u00e3o \u00e9 s\u00f3 pesca ilegal que muitas vezes estes barcos trazem. A\u00ed est\u00e1 a oportunidade para o contrabando, inclusive de seres humanos, que t\u00eam sido utilizados atrav\u00e9s desta pesca ilegal em barcos sem controle\u201d, apontou.<\/p>\n<p>Os seguintes pa\u00edses e organiza\u00e7\u00e3o ratificaram o Acordo sobre medidas do Estado controlador do Porto (PSMA).<\/p>\n<p>\u00c1frica do Sul, Austr\u00e1lia, Barbados, Chile, Costa Rica, Cuba, Dominica, Estados Unidos, Uni\u00e3o Europeia, Gab\u00e3o, Guin\u00e9-Bissau, Guiana, Isl\u00e2ndia, Ilhas Maur\u00edcio, Mo\u00e7ambique, Myanmar, Nova Zel\u00e2ndia, Noruega, Om\u00e3, Palau, Rep\u00fablica da Coreia, Saint Kitts e Nevis, Seychelles, Som\u00e1lia, Sri Lanka, Sud\u00e3o, Tail\u00e2ndia, Tonga, Uruguai y Vanuatu.<\/p>\n<p style=\"text-align: justify;\">\u00a0<\/p>\n<p style=\"text-align: justify;\">Fonte: R\u00e1dio Vaticano<\/p>\n","protected":false},"excerpt":{"rendered":"<p>O consumo mundial de peixes de aquicultura superou pela primeira vez na hist\u00f3ria a pesca natural. Os dados foram divulgados nesta sexta-feira (08\/07), pela Organiza\u00e7\u00e3o das Na\u00e7\u00f5es Unidas para a Agricultura e Alimenta\u00e7\u00e3o (FAO). O Relat\u00f3rio anual sobre o estado da Pesca e Aquicultura no mundo revela ainda que o Brasil est\u00e1 entre os 25 [&hellip;]<\/p>\n","protected":false},"author":1,"featured_media":16033,"comment_status":"open","ping_status":"open","sticky":false,"template":"","format":"standard","meta":{"footnotes":""},"categories":[3],"tags":[],"class_list":["post-16034","post","type-post","status-publish","format-standard","has-post-thumbnail","hentry","category-vaticano"],"_links":{"self":[{"href":"https:\/\/catolicanet.net\/wp-cnet\/wp-json\/wp\/v2\/posts\/16034","targetHints":{"allow":["GET"]}}],"collection":[{"href":"https:\/\/catolicanet.net\/wp-cnet\/wp-json\/wp\/v2\/posts"}],"about":[{"href":"https:\/\/catolicanet.net\/wp-cnet\/wp-json\/wp\/v2\/types\/post"}],"author":[{"embeddable":true,"href":"https:\/\/catolicanet.net\/wp-cnet\/wp-json\/wp\/v2\/users\/1"}],"replies":[{"embeddable":true,"href":"https:\/\/catolicanet.net\/wp-cnet\/wp-json\/wp\/v2\/comments?post=16034"}],"version-history":[{"count":1,"href":"https:\/\/catolicanet.net\/wp-cnet\/wp-json\/wp\/v2\/posts\/16034\/revisions"}],"predecessor-version":[{"id":27716,"href":"https:\/\/catolicanet.net\/wp-cnet\/wp-json\/wp\/v2\/posts\/16034\/revisions\/27716"}],"wp:featuredmedia":[{"embeddable":true,"href":"https:\/\/catolicanet.net\/wp-cnet\/wp-json\/wp\/v2\/media\/16033"}],"wp:attachment":[{"href":"https:\/\/catolicanet.net\/wp-cnet\/wp-json\/wp\/v2\/media?parent=16034"}],"wp:term":[{"taxonomy":"category","embeddable":true,"href":"https:\/\/catolicanet.net\/wp-cnet\/wp-json\/wp\/v2\/categories?post=16034"},{"taxonomy":"post_tag","embeddable":true,"href":"https:\/\/catolicanet.net\/wp-cnet\/wp-json\/wp\/v2\/tags?post=16034"}],"curies":[{"name":"wp","href":"https:\/\/api.w.org\/{rel}","templated":true}]}}