{"id":16032,"date":"2016-07-08T12:15:42","date_gmt":"2016-07-08T15:15:42","guid":{"rendered":"http:\/\/catolicanet.net\/wp-cnet\/2016\/07\/08\/lampedusa-ha-tres-anos-qcombate-a-globalizacao-da-indiferencaq\/"},"modified":"2017-06-02T11:07:57","modified_gmt":"2017-06-02T14:07:57","slug":"lampedusa-ha-tres-anos-qcombate-a-globalizacao-da-indiferencaq","status":"publish","type":"post","link":"https:\/\/catolicanet.net\/wp-cnet\/lampedusa-ha-tres-anos-qcombate-a-globalizacao-da-indiferencaq\/","title":{"rendered":"Lampedusa h\u00e1 tr\u00eas anos: &#8220;combate \u00e0 globaliza\u00e7\u00e3o da indiferen\u00e7a&#8221;"},"content":{"rendered":"<p style=\"text-align: justify;\"><img decoding=\"async\" src=\"http:\/\/www.catolicanet.com.br\/images\/stories\/papas\/ansa970403_articolo.jpg\" border=\"0\" align=\"left\" \/>H\u00e1 precisamente tr\u00eas anos, o Papa Francisco decidiu fazer sua primeira visita em territ\u00f3rio italiano: \u00e0 Ilha de Lampedusa.<\/p>\n<p>O Papa &#8220;chorou pelos mortos que ningu\u00e9m chora&#8221; e voltou a colocar os pobres ao &#8220;centro da sua miss\u00e3o\u201d.<\/p>\n<p>Com esta inten\u00e7\u00e3o, Francisco visitou, precisamente no dia 8 de julho, a famosa ilha ao sul da It\u00e1lia, em cujo porto s\u00e3o acolhidos e abrigados milhares de imigrantes.<\/p>\n<p>Globaliza\u00e7\u00e3o da indiferen\u00e7a<\/p>\n<p>Durante a Santa Missa, o Pont\u00edfice exortou os fi\u00e9is a &#8220;despertar suas consci\u00eancias&#8221; e a combater a &#8220;globaliza\u00e7\u00e3o da indiferen\u00e7a&#8221;.<\/p>\n<p>Desta forma, o Papa alertou para a \u201ccultura do bem-estar pessoal\u201d, que leva \u00e0 indiferen\u00e7a com os outros, diante das desumanas trag\u00e9dias.<\/p>\n<p>Desde que Francisco lan\u00e7ou no mar uma coroa de flores pelas v\u00edtimas dos naufr\u00e1gios, at\u00e9 hoje pouca coisa mudou: milhares de pessoas continuam a chegar em barcos e a arriscar sua vidas no mar, provenientes da \u00c1frica para a Europa, em busca de uma vida melhor para seus filhos e fam\u00edlias.<\/p>\n<p>Na sua homilia, o Francisco retomou o tr\u00e1gico acontecimento b\u00edblico entre Caim e Abel, perguntando: \u201cCaim, onde est\u00e1 o teu irm\u00e3o\u201d! Aqui, questionou de quem era a responsabilidade pela trag\u00e9dia dos cont\u00ednuos naufr\u00e1gios.<\/p>\n<p>Fraternidade<\/p>\n<p>\u201cPerdemos o sentido da responsabilidade fraterna\u201d- disse o Papa -. A cultura do bem-estar nos leva a pensar s\u00f3 em n\u00f3s mesmos, tornando-nos insens\u00edveis ao grito dos necessitados\u201d.<\/p>\n<p>\u201cA globaliza\u00e7\u00e3o da indiferen\u00e7a\u201d &#8211; concluiu Francisco &#8211; &#8220;nos tirou a capacidade de chorar\u201d e exortou todos a pedir perd\u00e3o pela indiferen\u00e7a para com tantos irm\u00e3os e irm\u00e3s que n\u00e3o conseguem chegar \u00e0 \u201cterra prometida\u201d da Europa!<\/p>\n<p>Por ocasi\u00e3o dos tr\u00eas anos da visita que o Papa realizou a Lampedusa mais de trinta cidades italianas se recolheram em ora\u00e7\u00e3o pelos milhares de pessoas que perderam suas vidas em viagens rumo \u00e0 Europa.<\/p>\n<p>As vig\u00edlias de ora\u00e7\u00e3o, em toda a It\u00e1lia, foram promovidas pela Comunidade romana de Santo Eg\u00eddio, sob o lema: \u201cMorrer de esperan\u00e7a\u201d.<\/p>\n<p>Em Roma, o Substituto da Secretaria de Estado, Dom Angelo Becciu, presidiu \u00e0 Vig\u00edlia de Ora\u00e7\u00e3o na Bas\u00edlica de Santa Maria em Trastevere.<\/p>\n<p style=\"text-align: justify;\">\u00a0<\/p>\n<p style=\"text-align: justify;\">Fonte: R\u00e1dio Vaticano<\/p>\n","protected":false},"excerpt":{"rendered":"<p>H\u00e1 precisamente tr\u00eas anos, o Papa Francisco decidiu fazer sua primeira visita em territ\u00f3rio italiano: \u00e0 Ilha de Lampedusa. O Papa &#8220;chorou pelos mortos que ningu\u00e9m chora&#8221; e voltou a colocar os pobres ao &#8220;centro da sua miss\u00e3o\u201d. Com esta inten\u00e7\u00e3o, Francisco visitou, precisamente no dia 8 de julho, a famosa ilha ao sul da [&hellip;]<\/p>\n","protected":false},"author":1,"featured_media":16031,"comment_status":"open","ping_status":"open","sticky":false,"template":"","format":"standard","meta":{"footnotes":""},"categories":[3],"tags":[],"class_list":["post-16032","post","type-post","status-publish","format-standard","has-post-thumbnail","hentry","category-vaticano"],"_links":{"self":[{"href":"https:\/\/catolicanet.net\/wp-cnet\/wp-json\/wp\/v2\/posts\/16032","targetHints":{"allow":["GET"]}}],"collection":[{"href":"https:\/\/catolicanet.net\/wp-cnet\/wp-json\/wp\/v2\/posts"}],"about":[{"href":"https:\/\/catolicanet.net\/wp-cnet\/wp-json\/wp\/v2\/types\/post"}],"author":[{"embeddable":true,"href":"https:\/\/catolicanet.net\/wp-cnet\/wp-json\/wp\/v2\/users\/1"}],"replies":[{"embeddable":true,"href":"https:\/\/catolicanet.net\/wp-cnet\/wp-json\/wp\/v2\/comments?post=16032"}],"version-history":[{"count":1,"href":"https:\/\/catolicanet.net\/wp-cnet\/wp-json\/wp\/v2\/posts\/16032\/revisions"}],"predecessor-version":[{"id":28086,"href":"https:\/\/catolicanet.net\/wp-cnet\/wp-json\/wp\/v2\/posts\/16032\/revisions\/28086"}],"wp:featuredmedia":[{"embeddable":true,"href":"https:\/\/catolicanet.net\/wp-cnet\/wp-json\/wp\/v2\/media\/16031"}],"wp:attachment":[{"href":"https:\/\/catolicanet.net\/wp-cnet\/wp-json\/wp\/v2\/media?parent=16032"}],"wp:term":[{"taxonomy":"category","embeddable":true,"href":"https:\/\/catolicanet.net\/wp-cnet\/wp-json\/wp\/v2\/categories?post=16032"},{"taxonomy":"post_tag","embeddable":true,"href":"https:\/\/catolicanet.net\/wp-cnet\/wp-json\/wp\/v2\/tags?post=16032"}],"curies":[{"name":"wp","href":"https:\/\/api.w.org\/{rel}","templated":true}]}}