{"id":1602,"date":"2012-03-22T17:48:19","date_gmt":"2012-03-22T20:48:19","guid":{"rendered":"http:\/\/catolicanet.net\/wp-cnet\/dia-mundial-da-sindrome-de-down\/"},"modified":"2017-03-20T15:21:07","modified_gmt":"2017-03-20T18:21:07","slug":"dia-mundial-da-sindrome-de-down","status":"publish","type":"post","link":"https:\/\/catolicanet.net\/wp-cnet\/dia-mundial-da-sindrome-de-down\/","title":{"rendered":"Dia Mundial da S\u00edndrome de Down"},"content":{"rendered":"<p style=\"text-align: justify;\">Dia Mundial da S\u00edndrome de Down: 10% da popula\u00e7\u00e3o do globo \u00e9 afetada <\/p>\n<p>Nesta quarta-feira, pela primeira vez, celebrou-se o Dia Mundial da S\u00edndrome de Down. A data 21 de mar\u00e7o foi institu\u00edda pelas Na\u00e7\u00f5es Unidas, em cuja sede, em Nova York, houve uma cerim\u00f4nia reunindo delega\u00e7\u00f5es de pa\u00edses e representantes da sociedade civil.<\/p>\n<p>As Miss\u00f5es do Brasil e da Pol\u00f4nia junto \u00e0 ONU patrocinaram o evento, e a embaixadora Maria Luiza Ribeiro Viotti leu uma mensagem da presidente brasileira, Dilma Rousseff, sobre esse Dia:<\/p>\n<p>&#8220;O Brasil tem avan\u00e7ado na implementa\u00e7\u00e3o dos apoios necess\u00e1rios ao pleno e efetivo exerc\u00edcio da capacidade legal por todas e cada uma das pessoas com defici\u00eancia. Cada vez mais continua a mensagem -, nos empenhamos na equipara\u00e7\u00e3o de oportunidades para que a defici\u00eancia n\u00e3o seja utilizada como motivo de impedimento \u00e0 realiza\u00e7\u00e3o dos sonhos, dos desejos e dos projetos.&#8221;<\/p>\n<p>Segundo as Na\u00e7\u00f5es Unidas, 10% da popula\u00e7\u00e3o mundial vive com algum tipo de defici\u00eancia.<\/p>\n<p>Sobre a S\u00edndrome de Down, a R\u00e1dio Vaticano conversou com o Professor Giuseppe Zampino, respons\u00e1vel do Servi\u00e7o de Epidemiologia e Cl\u00ednica dos Defeitos Cong\u00eanitos do Hospital Policl\u00ednico Agostino Gemelli, de Roma. Ele explicou que a S\u00edndrome de Down \u00e9 uma condi\u00e7\u00e3o devida a uma trissomia, ou seja, tr\u00eas cromossomas 21. Normalmente n\u00f3s temos um par de cromossomas ao total 23 pares -, enquanto nessa s\u00edndrome temos tr\u00eas cromossomas 21 ao inv\u00e9s de dois.<\/p>\n<p>Algumas das caracter\u00edsticas dos portadores s\u00e3o retardo psicomotor, cardiopatias cong\u00eanitas, patologias autoimunit\u00e1rias, entre outras complica\u00e7\u00f5es que acabam por modificar n\u00e3o somente a vida da pessoa afetada, mas de todos que a circundam.<\/p>\n<p>N\u00e3o se tem conhecimento ainda de causas precisas para essa m\u00e1 forma\u00e7\u00e3o cong\u00eanita, o que se tem s\u00e3o dados de que o risco aumenta quando a m\u00e3e inicia a gesta\u00e7\u00e3o ap\u00f3s os 37 anos.<\/p>\n<p>Quanto ao tratamento, in\u00fameros aspectos devem ser levados em considera\u00e7\u00e3o, com destaque para o estabelecimento da comunica\u00e7\u00e3o com a crian\u00e7a que nasce com essa s\u00edndrome.<\/p>\n<p>Fonte: R\u00e1dio Vaticano<br \/>Local:Nova York<\/p>\n","protected":false},"excerpt":{"rendered":"<p>Dia Mundial da S\u00edndrome de Down: 10% da popula\u00e7\u00e3o do globo \u00e9 afetada Nesta quarta-feira, pela primeira vez, celebrou-se o Dia Mundial da S\u00edndrome de Down. A data 21 de mar\u00e7o foi institu\u00edda pelas Na\u00e7\u00f5es Unidas, em cuja sede, em Nova York, houve uma cerim\u00f4nia reunindo delega\u00e7\u00f5es de pa\u00edses e representantes da sociedade civil. As [&hellip;]<\/p>\n","protected":false},"author":1,"featured_media":0,"comment_status":"closed","ping_status":"closed","sticky":false,"template":"","format":"standard","meta":{"footnotes":""},"categories":[4],"tags":[],"class_list":["post-1602","post","type-post","status-publish","format-standard","hentry","category-cotidiano"],"_links":{"self":[{"href":"https:\/\/catolicanet.net\/wp-cnet\/wp-json\/wp\/v2\/posts\/1602","targetHints":{"allow":["GET"]}}],"collection":[{"href":"https:\/\/catolicanet.net\/wp-cnet\/wp-json\/wp\/v2\/posts"}],"about":[{"href":"https:\/\/catolicanet.net\/wp-cnet\/wp-json\/wp\/v2\/types\/post"}],"author":[{"embeddable":true,"href":"https:\/\/catolicanet.net\/wp-cnet\/wp-json\/wp\/v2\/users\/1"}],"replies":[{"embeddable":true,"href":"https:\/\/catolicanet.net\/wp-cnet\/wp-json\/wp\/v2\/comments?post=1602"}],"version-history":[{"count":1,"href":"https:\/\/catolicanet.net\/wp-cnet\/wp-json\/wp\/v2\/posts\/1602\/revisions"}],"predecessor-version":[{"id":6781,"href":"https:\/\/catolicanet.net\/wp-cnet\/wp-json\/wp\/v2\/posts\/1602\/revisions\/6781"}],"wp:attachment":[{"href":"https:\/\/catolicanet.net\/wp-cnet\/wp-json\/wp\/v2\/media?parent=1602"}],"wp:term":[{"taxonomy":"category","embeddable":true,"href":"https:\/\/catolicanet.net\/wp-cnet\/wp-json\/wp\/v2\/categories?post=1602"},{"taxonomy":"post_tag","embeddable":true,"href":"https:\/\/catolicanet.net\/wp-cnet\/wp-json\/wp\/v2\/tags?post=1602"}],"curies":[{"name":"wp","href":"https:\/\/api.w.org\/{rel}","templated":true}]}}