{"id":16010,"date":"2016-07-07T14:02:21","date_gmt":"2016-07-07T17:02:21","guid":{"rendered":"http:\/\/catolicanet.net\/wp-cnet\/2016\/07\/07\/jmj-brasil-tera-consulado-itinerante-em-cracovia\/"},"modified":"2017-06-02T11:04:15","modified_gmt":"2017-06-02T14:04:15","slug":"jmj-brasil-tera-consulado-itinerante-em-cracovia","status":"publish","type":"post","link":"https:\/\/catolicanet.net\/wp-cnet\/jmj-brasil-tera-consulado-itinerante-em-cracovia\/","title":{"rendered":"JMJ: Brasil ter\u00e1 Consulado itinerante em Crac\u00f3via"},"content":{"rendered":"<p style=\"text-align: justify;\"><img decoding=\"async\" src=\"http:\/\/www.catolicanet.com.br\/images\/stories\/noticias\/rv15906_articolo.jpg\" border=\"0\" align=\"left\" \/>A Embaixada do Brasil junto \u00e0 Santa S\u00e9 anunciou que o Governo brasileiro manter\u00e1 um Consulado itinerante em Crac\u00f3via durante a Jornada Mundial da Juventude.<\/p>\n<p>\u201cTodas as vezes em que h\u00e1 grandes eventos internacionais onde h\u00e1 uma participa\u00e7\u00e3o grande de brasileiros, o Governo brasileiro, se n\u00e3o h\u00e1 nenhum consulado ou um setor consular de uma embaixada brasileira onde ocorre o evento, cria um Consulado itinerante. Ou seja, n\u00f3s abriremos um escrit\u00f3rio onde haver\u00e1 agentes consulares brasileiros para ajudar e dar apoio a todos aqueles brasileiros que precisem\u201d, explicou \u00e0 R\u00e1dio Vaticano o Embaixador do Brasil junto \u00e0 Santa S\u00e9, Denis Fontes de Souza Pinto.<\/p>\n<p>O Consulado itinerante do Brasil em Crac\u00f3via estar\u00e1 habilitado a prestar todos os servi\u00e7os consulares regulares, inclusive emiss\u00e3o de passaportes e legaliza\u00e7\u00f5es.<\/p>\n<p>A reparti\u00e7\u00e3o consular funcionar\u00e1 na Rua Salwatorska, 22 e atender\u00e1 das 10h \u00e0s 15h, todos os dias, de 23 de julho a 1\u00ba de agosto.<\/p>\n<p>Mais informa\u00e7\u00f5es no site da Embaixada do Brasil em Vars\u00f3via.<\/p>\n<p style=\"text-align: justify;\">\u00a0<\/p>\n<p style=\"text-align: justify;\">Fonte: R\u00e1dio Vaticano<\/p>\n","protected":false},"excerpt":{"rendered":"<p>A Embaixada do Brasil junto \u00e0 Santa S\u00e9 anunciou que o Governo brasileiro manter\u00e1 um Consulado itinerante em Crac\u00f3via durante a Jornada Mundial da Juventude. \u201cTodas as vezes em que h\u00e1 grandes eventos internacionais onde h\u00e1 uma participa\u00e7\u00e3o grande de brasileiros, o Governo brasileiro, se n\u00e3o h\u00e1 nenhum consulado ou um setor consular de uma [&hellip;]<\/p>\n","protected":false},"author":1,"featured_media":16009,"comment_status":"open","ping_status":"open","sticky":false,"template":"","format":"standard","meta":{"footnotes":""},"categories":[3],"tags":[],"class_list":["post-16010","post","type-post","status-publish","format-standard","has-post-thumbnail","hentry","category-vaticano"],"_links":{"self":[{"href":"https:\/\/catolicanet.net\/wp-cnet\/wp-json\/wp\/v2\/posts\/16010","targetHints":{"allow":["GET"]}}],"collection":[{"href":"https:\/\/catolicanet.net\/wp-cnet\/wp-json\/wp\/v2\/posts"}],"about":[{"href":"https:\/\/catolicanet.net\/wp-cnet\/wp-json\/wp\/v2\/types\/post"}],"author":[{"embeddable":true,"href":"https:\/\/catolicanet.net\/wp-cnet\/wp-json\/wp\/v2\/users\/1"}],"replies":[{"embeddable":true,"href":"https:\/\/catolicanet.net\/wp-cnet\/wp-json\/wp\/v2\/comments?post=16010"}],"version-history":[{"count":1,"href":"https:\/\/catolicanet.net\/wp-cnet\/wp-json\/wp\/v2\/posts\/16010\/revisions"}],"predecessor-version":[{"id":28059,"href":"https:\/\/catolicanet.net\/wp-cnet\/wp-json\/wp\/v2\/posts\/16010\/revisions\/28059"}],"wp:featuredmedia":[{"embeddable":true,"href":"https:\/\/catolicanet.net\/wp-cnet\/wp-json\/wp\/v2\/media\/16009"}],"wp:attachment":[{"href":"https:\/\/catolicanet.net\/wp-cnet\/wp-json\/wp\/v2\/media?parent=16010"}],"wp:term":[{"taxonomy":"category","embeddable":true,"href":"https:\/\/catolicanet.net\/wp-cnet\/wp-json\/wp\/v2\/categories?post=16010"},{"taxonomy":"post_tag","embeddable":true,"href":"https:\/\/catolicanet.net\/wp-cnet\/wp-json\/wp\/v2\/tags?post=16010"}],"curies":[{"name":"wp","href":"https:\/\/api.w.org\/{rel}","templated":true}]}}