{"id":16004,"date":"2016-07-07T13:26:19","date_gmt":"2016-07-07T16:26:19","guid":{"rendered":"http:\/\/catolicanet.net\/wp-cnet\/2016\/07\/07\/saude-jornadas-hospitaleiras-debateram-evangelizacao-no-lmundo-do-sofrimento-psiquicor\/"},"modified":"2017-05-31T10:07:22","modified_gmt":"2017-05-31T13:07:22","slug":"saude-jornadas-hospitaleiras-debateram-evangelizacao-no-lmundo-do-sofrimento-psiquicor","status":"publish","type":"post","link":"https:\/\/catolicanet.net\/wp-cnet\/saude-jornadas-hospitaleiras-debateram-evangelizacao-no-lmundo-do-sofrimento-psiquicor\/","title":{"rendered":"Sa\u00fade: Jornadas Hospitaleiras debateram evangeliza\u00e7\u00e3o no \u00abmundo do sofrimento ps\u00edquico\u00bb"},"content":{"rendered":"<p style=\"text-align: justify;\"><img decoding=\"async\" src=\"http:\/\/www.catolicanet.com.br\/images\/stories\/noticias\/vlcsnap-2016-07-06-14h59m01s174.jpg\" border=\"0\" align=\"left\" \/>Respons\u00e1veis cat\u00f3licos sublinham import\u00e2ncia da dimens\u00e3o espiritual<\/p>\n<p>A Casa de Sa\u00fade da Idanha, arredores de Lisboa, acolheram hoje as VI Jornadas Hospitaleiras de Pastoral da Sa\u00fade, este ano dedicadas ao tema \u2018Evangeliza\u00e7\u00e3o no mundo do sofrimento ps\u00edquico\u2019, sublinhando a import\u00e2ncia da dimens\u00e3o espiritual neste campo.<\/p>\n<p>A irm\u00e3 Maria Sameiro Martins, presidente do Instituto das Irm\u00e3s Hospitaleiras do Sagrado Cora\u00e7\u00e3o de Jesus (IHSCJ), sublinhou \u00e0 Ag\u00eancia ECCLESIA que a iniciativa de reflex\u00e3o visa ajudar os respons\u00e1veis a melhorar o servi\u00e7o prestado aos utentes.<\/p>\n<p>\u201cA pastoral da Sa\u00fade tem de fazer parte integrante do nosso modelo assistencial\u201d, precisa a religiosa.<\/p>\n<p>Para a presidente do IHSCJ, \u00e9 necess\u00e1rio promover uma tomada de consci\u00eancia da import\u00e2ncia da \u201cdimens\u00e3o espiritual\u201d na pessoa doente, dando como exemplo a inclus\u00e3o desta \u00e1rea no plano de interven\u00e7\u00e3o individual, que \u201cengloba toda a \u00e1rea t\u00e9cnica\u201d.<\/p>\n<p>Juntando \u201ca ci\u00eancia e a caridade\u201d, a institui\u00e7\u00e3o cat\u00f3lica dedicada \u00e0 sa\u00fade mental quer \u201cestar atenta \u00e0 dor que vai na alma de tanta gente\u201d.<\/p>\n<p>Um dos conferencistas do evento foi o padre Lu\u00eds Miguel Figueiredo, capel\u00e3o da Casa de Sa\u00fade do Bom Jesus (Arquidiocese de Braga), que na sua interven\u00e7\u00e3o sobre a \u2018Atua\u00e7\u00e3o de Jesus no mundo do sofrimento ps\u00edquico\u2019 abordou o \u201ctema maldito\u201d da \u201cdemonologia\u201d, as \u201cnarra\u00e7\u00f5es das curas\u201d apresentadas nos Evangelhos, como explicou \u00e0 Ag\u00eancia ECCLESIA.<\/p>\n<p>O ponto central destes relatos evang\u00e9licos \u00e9 a \u201catua\u00e7\u00e3o libertadora\u201d de Jesus Cristo face ao sofrimento e \u00e0 dor.<\/p>\n<p>\u201cA atua\u00e7\u00e3o de Jesus \u00e9 contra o mal em si\u201d, observou.<\/p>\n<p>Para o padre Lu\u00eds Miguel Figueiredo, o trabalho das Hospitaleiras passa por \u201canunciar a Boa Nova da salva\u00e7\u00e3o, sob a forma de cura\u201d, integrando as \u201cdiferentes componentes do ser humano\u201d, com \u201caten\u00e7\u00e3o espiritual\u201d por cada doente.<\/p>\n<p>As VI Jornadas Hospitaleiras de Pastoral da Sa\u00fade tiveram como destinat\u00e1rios agentes de pastoral da sa\u00fade, t\u00e9cnicos e p\u00fablico em geral.<\/p>\n<p>A sess\u00e3o de abertura contou com a presen\u00e7a de D. Jos\u00e9 Traquina, bispo auxiliar do Patriarcado de Lisboa, e o encontro terminou com a encena\u00e7\u00e3o \u201c&#8230;Uma pessoa vale mais que o mundo\u201d, levada a palco por utentes da Casa de Sa\u00fade da Idanha.<\/p>\n<p style=\"text-align: justify;\">\u00a0<\/p>\n<p style=\"text-align: justify;\">Fonte: Ag\u00eancia Ecclesia<\/p>\n","protected":false},"excerpt":{"rendered":"<p>Respons\u00e1veis cat\u00f3licos sublinham import\u00e2ncia da dimens\u00e3o espiritual A Casa de Sa\u00fade da Idanha, arredores de Lisboa, acolheram hoje as VI Jornadas Hospitaleiras de Pastoral da Sa\u00fade, este ano dedicadas ao tema \u2018Evangeliza\u00e7\u00e3o no mundo do sofrimento ps\u00edquico\u2019, sublinhando a import\u00e2ncia da dimens\u00e3o espiritual neste campo. A irm\u00e3 Maria Sameiro Martins, presidente do Instituto das Irm\u00e3s [&hellip;]<\/p>\n","protected":false},"author":1,"featured_media":16003,"comment_status":"open","ping_status":"open","sticky":false,"template":"","format":"standard","meta":{"footnotes":""},"categories":[4],"tags":[],"class_list":["post-16004","post","type-post","status-publish","format-standard","has-post-thumbnail","hentry","category-cotidiano"],"_links":{"self":[{"href":"https:\/\/catolicanet.net\/wp-cnet\/wp-json\/wp\/v2\/posts\/16004","targetHints":{"allow":["GET"]}}],"collection":[{"href":"https:\/\/catolicanet.net\/wp-cnet\/wp-json\/wp\/v2\/posts"}],"about":[{"href":"https:\/\/catolicanet.net\/wp-cnet\/wp-json\/wp\/v2\/types\/post"}],"author":[{"embeddable":true,"href":"https:\/\/catolicanet.net\/wp-cnet\/wp-json\/wp\/v2\/users\/1"}],"replies":[{"embeddable":true,"href":"https:\/\/catolicanet.net\/wp-cnet\/wp-json\/wp\/v2\/comments?post=16004"}],"version-history":[{"count":1,"href":"https:\/\/catolicanet.net\/wp-cnet\/wp-json\/wp\/v2\/posts\/16004\/revisions"}],"predecessor-version":[{"id":25625,"href":"https:\/\/catolicanet.net\/wp-cnet\/wp-json\/wp\/v2\/posts\/16004\/revisions\/25625"}],"wp:featuredmedia":[{"embeddable":true,"href":"https:\/\/catolicanet.net\/wp-cnet\/wp-json\/wp\/v2\/media\/16003"}],"wp:attachment":[{"href":"https:\/\/catolicanet.net\/wp-cnet\/wp-json\/wp\/v2\/media?parent=16004"}],"wp:term":[{"taxonomy":"category","embeddable":true,"href":"https:\/\/catolicanet.net\/wp-cnet\/wp-json\/wp\/v2\/categories?post=16004"},{"taxonomy":"post_tag","embeddable":true,"href":"https:\/\/catolicanet.net\/wp-cnet\/wp-json\/wp\/v2\/tags?post=16004"}],"curies":[{"name":"wp","href":"https:\/\/api.w.org\/{rel}","templated":true}]}}