{"id":16002,"date":"2016-07-07T13:15:58","date_gmt":"2016-07-07T16:15:58","guid":{"rendered":"http:\/\/catolicanet.net\/wp-cnet\/2016\/07\/07\/papa-francisco-as-teorias-abstratas-nos-levam-as-ideologias-e-as-ideologias-nos-levam-a-negar-que-deus-se-fez-carne-um-de-nos\/"},"modified":"2017-05-31T10:07:22","modified_gmt":"2017-05-31T13:07:22","slug":"papa-francisco-as-teorias-abstratas-nos-levam-as-ideologias-e-as-ideologias-nos-levam-a-negar-que-deus-se-fez-carne-um-de-nos","status":"publish","type":"post","link":"https:\/\/catolicanet.net\/wp-cnet\/papa-francisco-as-teorias-abstratas-nos-levam-as-ideologias-e-as-ideologias-nos-levam-a-negar-que-deus-se-fez-carne-um-de-nos\/","title":{"rendered":"Papa Francisco: \u201c\u201cAs teorias abstratas nos levam \u00e0s ideologias e as ideologias nos levam a negar que Deus se fez Carne, um de n\u00f3s!\u201d"},"content":{"rendered":"<p style=\"text-align: justify;\"><img decoding=\"async\" src=\"http:\/\/www.catolicanet.com.br\/images\/stories\/noticias\/poverty-5096.jpg\" border=\"0\" align=\"left\" \/>O Papa recebeu hoje 200 peregrinos franceses, acompanhados por seu Arcebispo, Card. Philippe Barbarin<\/p>\n<p style=\"text-align: justify;\">Como exce\u00e7\u00e3o nesse m\u00eas de Julho o Papa recebeu hoje 200 peregrinos franceses, acompanhados por seu Arcebispo, Card. Philippe Barbarin. De fato,\u00a0 franceses desempregados, que vivem nas ruas ou doentes. Em seu discurso fez as seguintes afirma\u00e7\u00f5es:<\/p>\n<p>\u201cQualquer que seja a condi\u00e7\u00e3o de voc\u00eas, a sua hist\u00f3ria ou o peso que carregam \u00e9 Jesus que nos une. Sejam bem-vindos, sua presen\u00e7a \u00e9 importante para mim.\u201d<\/p>\n<p>\u201cQuando sentirem tudo isso, n\u00e3o se esque\u00e7am que Jesus viveu a mesma experi\u00eancia. Esta \u00e9 a prova de que voc\u00eas s\u00e3o preciosos e est\u00e3o no cora\u00e7\u00e3o da Igreja. Jesus sempre deu prioridade a pessoas como voc\u00eas.\u201d<\/p>\n<p>\u201cAs teorias abstratas nos levam \u00e0s ideologias e as ideologias nos levam a negar que Deus se fez Carne, um de n\u00f3s! Porque a vida compartilhada com os pobres nos transforma e nos converte. Pensem bem nisto, eh! E o Ano da Miseric\u00f3rdia \u00e9 a ocasi\u00e3o para redescobrir e viver esta dimens\u00e3o de solidariedade, de fraternidade, de ajuda e de apoio rec\u00edproco.\u201d<\/p>\n<p>\u201cN\u00f3s acreditamos num Deus que repara todas as injusti\u00e7as, que consola todas as penas e sabe recompensar os que mant\u00eam a confian\u00e7a Nele. \u00c0 espera deste dia de paz e de luz, a contribui\u00e7\u00e3o de voc\u00eas \u00e9 essencial para a Igreja e para o mundo.\u201d<\/p>\n<p>\u201cEu lhes confio a miss\u00e3o de rezar pelos culpados de sua pobreza, para que se convertam! Rezar por tantos ricos que vestem p\u00farpura e escarlate e fazem festa com grandes banquetes, sem perceber que \u00e0 porta deles h\u00e1 tantos L\u00e1zaros desejosos de matar a fome com as sobras de suas refei\u00e7\u00f5es. Rezem tamb\u00e9m pelos sacerdotes, pelos levitas que \u2013 ao verem aquele homem meio morto \u2013 passam olhando para o outro lado, porque n\u00e3o t\u00eam compaix\u00e3o. A todas essas pessoas, desejem o bem e pe\u00e7am a Jesus que as convertam. E lhes garanto que, se fizerem isso, haver\u00e1 grande alegria na Igreja, no cora\u00e7\u00e3o de voc\u00eas e tamb\u00e9m na amada Fran\u00e7a\u201d.<\/p>\n<p style=\"text-align: justify;\">\u00a0<\/p>\n<p style=\"text-align: justify;\">Fonte: Zenit<\/p>\n","protected":false},"excerpt":{"rendered":"<p>O Papa recebeu hoje 200 peregrinos franceses, acompanhados por seu Arcebispo, Card. Philippe Barbarin Como exce\u00e7\u00e3o nesse m\u00eas de Julho o Papa recebeu hoje 200 peregrinos franceses, acompanhados por seu Arcebispo, Card. Philippe Barbarin. De fato,\u00a0 franceses desempregados, que vivem nas ruas ou doentes. Em seu discurso fez as seguintes afirma\u00e7\u00f5es: \u201cQualquer que seja a [&hellip;]<\/p>\n","protected":false},"author":1,"featured_media":16001,"comment_status":"open","ping_status":"open","sticky":false,"template":"","format":"standard","meta":{"footnotes":""},"categories":[4],"tags":[],"class_list":["post-16002","post","type-post","status-publish","format-standard","has-post-thumbnail","hentry","category-cotidiano"],"_links":{"self":[{"href":"https:\/\/catolicanet.net\/wp-cnet\/wp-json\/wp\/v2\/posts\/16002","targetHints":{"allow":["GET"]}}],"collection":[{"href":"https:\/\/catolicanet.net\/wp-cnet\/wp-json\/wp\/v2\/posts"}],"about":[{"href":"https:\/\/catolicanet.net\/wp-cnet\/wp-json\/wp\/v2\/types\/post"}],"author":[{"embeddable":true,"href":"https:\/\/catolicanet.net\/wp-cnet\/wp-json\/wp\/v2\/users\/1"}],"replies":[{"embeddable":true,"href":"https:\/\/catolicanet.net\/wp-cnet\/wp-json\/wp\/v2\/comments?post=16002"}],"version-history":[{"count":1,"href":"https:\/\/catolicanet.net\/wp-cnet\/wp-json\/wp\/v2\/posts\/16002\/revisions"}],"predecessor-version":[{"id":25626,"href":"https:\/\/catolicanet.net\/wp-cnet\/wp-json\/wp\/v2\/posts\/16002\/revisions\/25626"}],"wp:featuredmedia":[{"embeddable":true,"href":"https:\/\/catolicanet.net\/wp-cnet\/wp-json\/wp\/v2\/media\/16001"}],"wp:attachment":[{"href":"https:\/\/catolicanet.net\/wp-cnet\/wp-json\/wp\/v2\/media?parent=16002"}],"wp:term":[{"taxonomy":"category","embeddable":true,"href":"https:\/\/catolicanet.net\/wp-cnet\/wp-json\/wp\/v2\/categories?post=16002"},{"taxonomy":"post_tag","embeddable":true,"href":"https:\/\/catolicanet.net\/wp-cnet\/wp-json\/wp\/v2\/tags?post=16002"}],"curies":[{"name":"wp","href":"https:\/\/api.w.org\/{rel}","templated":true}]}}