{"id":15977,"date":"2016-07-07T11:52:34","date_gmt":"2016-07-07T14:52:34","guid":{"rendered":"http:\/\/catolicanet.net\/wp-cnet\/2016\/07\/07\/as-vocacoes-na-igreja\/"},"modified":"2017-05-08T10:34:44","modified_gmt":"2017-05-08T13:34:44","slug":"as-vocacoes-na-igreja","status":"publish","type":"post","link":"https:\/\/catolicanet.net\/wp-cnet\/as-vocacoes-na-igreja\/","title":{"rendered":"As voca\u00e7\u00f5es na igreja"},"content":{"rendered":"<p style=\"text-align: justify;\">Em nossa reuni\u00e3o no in\u00edcio de julho com os Bispos Auxiliares e Vig\u00e1rios Episcopais, aprofundamos alguns passos para os pr\u00f3ximos anos dentro do 12\u00ba Plano de Pastoral da Arquidiocese. Ele est\u00e1 sendo elaborado, mas necessitamos de algumas luzes em nossa caminhada para o futuro.<br \/> Neste ano, em outubro iremos iniciar com toda a Igreja do Brasil o Ano Mariano (300 anos do encontro da imagem de Nossa Senhora Aparecida no Rio Para\u00edba). Em 2017, a CNBB j\u00e1 proclamou que teremos o Ano do Crist\u00e3o Leigo. Isso al\u00e9m dos temas das pr\u00f3ximas Campanhas da Fraternidade e outros que o Papa queira tamb\u00e9m propor para toda a Igreja.<br \/> Nesse sentido, sentimos que somos chamados a direcionar alguns aspectos desses anos com alguns temas necess\u00e1rios para nossa realidade urbana. Sentimos que precisamos contemplar o tema da Fam\u00edlia, t\u00e3o trabalhado nos \u00faltimos s\u00ednodos e que mereceu uma Exorta\u00e7\u00e3o Apost\u00f3lica P\u00f3s-sinodal do Papa Francisco, \u201cAmoris Laetitia\u201d. Por isso, o tema Mariano para n\u00f3s ser\u00e1 aprofundado com os olhares da fam\u00edlia. A Sagrada Fam\u00edlia dever\u00e1 nos inspirar nesse Ano Mariano, ao mesmo tempo em que somos chamados a aprofundar as situa\u00e7\u00f5es das fam\u00edlias hoje.<br \/> Para o Ano do Crist\u00e3o Leigo pensamos que ser\u00e1 muito importante aprofundar a voca\u00e7\u00e3o do Crist\u00e3o Leigo no \u00e2mbito interno da Igreja com os diversos minist\u00e9rios, conselhos, participa\u00e7\u00f5es e, principalmente, a voca\u00e7\u00e3o do Crist\u00e3o Leigo no mundo. Ser fermento no meio da massa, tendo como fundamento a sua experi\u00eancia com Jesus Cristo e \u201csentindo com a Igreja e como Igreja\u201d.<br \/> Nesses dois anos o Servi\u00e7o de Anima\u00e7\u00e3o Vocacional ter\u00e1 um grande trabalho a fazer, demonstrando a diversidade da voca\u00e7\u00e3o crist\u00e3 e a necessidade de convergirmos todos \u00e0 santidade. Isso nos ajudar\u00e1 a ver todos esses temas em enfoque vocacional. Voca\u00e7\u00e3o ao matrim\u00f4nio, a viver como crist\u00e3o leigo etc. Ali\u00e1s, \u00e9 essa a caracter\u00edstica que vivemos no m\u00eas vocacional, o m\u00eas de Agosto.<br \/> Al\u00e9m disso, a presen\u00e7a da voca\u00e7\u00e3o religiosa e sacerdotal poder\u00e1 ser trabalhada tanto na fam\u00edlia como no relacionamento com os crist\u00e3os leigos. Nesse sentido, em todos esses anos a Obra das Voca\u00e7\u00f5es Sacerdotais, dentro da Pastoral Vocacional, teria um grande trabalho a fazer. No primeiro ano procurar chegar \u00e0 totalidade das par\u00f3quias com essa pastoral ou OVS. Depois dar passos para que o relacionamento clero e leigos se edifique dentro do clima crist\u00e3o e fraterno, em colabora\u00e7\u00e3o e respeito m\u00fatuo. Ao final desses dois anos, j\u00e1 orientados nessa linha, poderemos ent\u00e3o aprofundar a especificidade da voca\u00e7\u00e3o aos minist\u00e9rios ordenados, com um ano vocacional espec\u00edfico. <br \/> Dessa forma teremos oportunidade de contemplar a Fam\u00edlia, Maria, Fi\u00e9is Leigos e suas Voca\u00e7\u00f5es, e as Voca\u00e7\u00f5es de especial consagra\u00e7\u00e3o ao termo desses tr\u00eas anos.<br \/> Ao presidir, na v\u00e9spera da Solenidade de S\u00e3o Jo\u00e3o Batista junto com os novos sacerdotes ordenados neste ano, pude ver a anima\u00e7\u00e3o da OVS e o grande trabalho que realizam. Por isso, tanto a OVS como a Pastoral Vocacional e outras afins s\u00e3o convidadas a se engajarem nestes tempos, ajudando na reflex\u00e3o arquidiocesana.<br \/> Essa Eucaristia foi uma oportunidade de levar uma palavra de gratid\u00e3o da Arquidiocese de S\u00e3o Sebasti\u00e3o do Rio de Janeiro para todos os membros da OVS, e a minha gratid\u00e3o pessoal pelo trabalho silencioso de todos os que, primeiramente, rezam pelas voca\u00e7\u00f5es sacerdotais, e, em segundo momento, partilham seus recursos materiais em favor da forma\u00e7\u00e3o de futuros sacerdotes para o servi\u00e7o da Igreja e para a santifica\u00e7\u00e3o de todos os fi\u00e9is.<br \/>Na missa do domingo do Bom Pastor, em 17 de abril de 2016, o Papa Francisco assim se expressou por ocasi\u00e3o do 53\u00ba Dia de Ora\u00e7\u00e3o pelas Voca\u00e7\u00f5es: \u201cComo gostaria que todos os batizados pudessem, no decurso do Jubileu Extraordin\u00e1rio da Miseric\u00f3rdia, experimentar a alegria de pertencer \u00e0 Igreja\u201d!<br \/>O fiel batizado (crist\u00e3o leigo) \u00e9 o primeiro respons\u00e1vel pela evangeliza\u00e7\u00e3o, por isso como pertencente a uma comunidade concreta dentro da Igreja. A perten\u00e7a eclesial, fundamentalmente, deve ser experimentada na vida familiar. \u00c9 propriamente na fam\u00edlia que permanece a primeira comunidade para a transmiss\u00e3o da f\u00e9 cat\u00f3lica. <br \/>A solicitude com as voca\u00e7\u00f5es pressup\u00f5e, de fato, uma v\u00e1lida participa\u00e7\u00e3o das fam\u00edlias, dos movimentos em que rezam e d\u00e3o testemunho de amor pelas voca\u00e7\u00f5es sacerdotais. Grande parte desse apoio vem das comunidades paroquiais ou de pastorais ou movimentos, quando existe a falta de uma fam\u00edlia constitu\u00edda.<br \/>O Conc\u00edlio Vaticano II, pelo Decreto \u201cOptatam Totius\u201d, sobre a forma\u00e7\u00e3o sacerdotal, de 28 de outubro de 1965, ensinou que: \u201cO dever de fomentar as voca\u00e7\u00f5es pertence a toda a comunidade crist\u00e3, que as deve promover sobretudo mediante uma vida plenamente crist\u00e3; mormente para isso concorrem quer as fam\u00edlias, que animadas pelo esp\u00edrito de f\u00e9, de caridade e piedade, s\u00e3o como que o primeiro semin\u00e1rio, quer as par\u00f3quias, de cuja vida fecunda participam os mesmos adolescentes. Os mestres e todos aqueles que, de algum modo, se ocupam da educa\u00e7\u00e3o das crian\u00e7as e dos jovens, principalmente as Associa\u00e7\u00f5es Cat\u00f3licas, de tal forma procurem cultivar o esp\u00edrito dos adolescentes a si confiados, que eles possam sentir e seguir de bom grado a voca\u00e7\u00e3o divina. Os sacerdotes manifestem o m\u00e1ximo zelo em favorecer as voca\u00e7\u00f5es; e pela sua pr\u00f3pria vida humilde, laboriosa, levada com \u00e2nimo alegre, assim como pela m\u00fatua caridade sacerdotal e fraterna coopera\u00e7\u00e3o, atraiam a alma dos adolescentes para o sacerd\u00f3cio\u201d. (Cf. Optatam Totius n. 2).<br \/>Propiciamente, a miss\u00e3o da Obra das Voca\u00e7\u00f5es Sacerdotais \u00e9 esta: \u201cAos Bispos pertence levar o seu rebanho \u00e0 promo\u00e7\u00e3o das voca\u00e7\u00f5es, e procurar a colabora\u00e7\u00e3o de todas as for\u00e7as e obras; e sem se pouparem a sacrif\u00edcios, ajudarem, como pais, aqueles que eles mesmos julguem chamados \u00e0 heran\u00e7a do Senhor. Esta diligente colabora\u00e7\u00e3o de todo o Povo de Deus em promover as voca\u00e7\u00f5es corresponde \u00e0 a\u00e7\u00e3o da Provid\u00eancia divina, que concede os dotes necess\u00e1rios \u00e0queles que s\u00e3o chamados por Deus a participar do sacerd\u00f3cio hier\u00e1rquico e ajuda-os com a Sua divina gra\u00e7a, ao mesmo tempo em que aos leg\u00edtimos ministros da Igreja confia o encargo de, uma vez reconhecida a idoneidade, chamarem os candidatos que, com inten\u00e7\u00e3o reta e liberdade plena, pedirem t\u00e3o alto m\u00fanus, e de os consagrarem com o selo do Esp\u00edrito Santo para o culto de Deus e servi\u00e7o da Igreja. O sagrado Conc\u00edlio recomenda, acima de tudo, os meios tradicionais de coopera\u00e7\u00e3o comum, como s\u00e3o: a ora\u00e7\u00e3o fervorosa, a penit\u00eancia crist\u00e3, e a forma\u00e7\u00e3o cada vez mais perfeita dos fi\u00e9is por meio da prega\u00e7\u00e3o, da catequese e dos meios de comunica\u00e7\u00e3o social. Nesta forma\u00e7\u00e3o h\u00e1 de expor-se a necessidade, a natureza e a excel\u00eancia da voca\u00e7\u00e3o sacerdotal. Al\u00e9m disso, manda que a Obra das Voca\u00e7\u00f5es (grifo nosso), segundo os documentos pontif\u00edcios nesta mat\u00e9ria, j\u00e1 fundada ou a fundar no \u00e2mbito de cada diocese, regi\u00e3o ou na\u00e7\u00e3o, organize met\u00f3dica e coerentemente e promova com zelo e discri\u00e7\u00e3o uma a\u00e7\u00e3o pastoral de conjunto para o fomento de voca\u00e7\u00f5es, sem deixar de lado nenhum dos meios que as hodiernas ci\u00eancias psicol\u00f3gicas e sociol\u00f3gicas utilmente oferecem. \u00c9 necess\u00e1rio que a Obra das Voca\u00e7\u00f5es transcenda generosamente os limites da diocese, da na\u00e7\u00e3o ou das fam\u00edlias religiosas ou ritos e olhe para as necessidades da Igreja universal, prestando aux\u00edlio principalmente \u00e0quelas regi\u00f5es que reclamam com mais inst\u00e2ncia obreiros para a vinha do Senhor (grifo nosso)\u201d. (Cf. Optatam Totius n. 2).<br \/>Esse documento, que j\u00e1 foi comemorado seus 50 anos, \u00e9 uma ilumina\u00e7\u00e3o Conciliar, do Vaticano II, em que a Igreja vivamente recomenda que a OVS nos ajudar\u00e1 a percorrer esses anos contemplando as v\u00e1rias situa\u00e7\u00f5es vocacionais. Aqui entre n\u00f3s a OVS conta com mais de setenta anos de caminhada, numa feliz iniciativa de nosso predecessor, o Cardeal Sebasti\u00e3o Leme. A Obra das Voca\u00e7\u00f5es tem o dever ingente de ser solid\u00e1ria com as necessidades da Igreja, inclusive do ponto de vista da generosidade de auxiliar a Igreja nos lugares de miss\u00e3o.<br \/>Convido todos os pais de fam\u00edlia a participarem da OVS, como fam\u00edlia crist\u00e3. Espero que como membros da OVS todos, generosamente, possamos oferecer nossa vida, nossos dons, nossos sacrif\u00edcios pelas voca\u00e7\u00f5es, em especial pelo nosso Semin\u00e1rio S\u00e3o Jos\u00e9, o cora\u00e7\u00e3o alegre do Arcebispo e da Arquidiocese:\u00a0 \u201cRogai, pois, ao Senhor da messe que envie trabalhadores para a sua messe\u201d (Mt. 9, 38). Pela ora\u00e7\u00e3o do povo de Deus e pela ora\u00e7\u00e3o de toda a Igreja, que tenhamos mais voca\u00e7\u00f5es para a generosidade de amar, servir, perdoar, acolher e testemunhar Jesus Cristo!<\/p>\n","protected":false},"excerpt":{"rendered":"<p>Em nossa reuni\u00e3o no in\u00edcio de julho com os Bispos Auxiliares e Vig\u00e1rios Episcopais, aprofundamos alguns passos para os pr\u00f3ximos anos dentro do 12\u00ba Plano de Pastoral da Arquidiocese. Ele est\u00e1 sendo elaborado, mas necessitamos de algumas luzes em nossa caminhada para o futuro. Neste ano, em outubro iremos iniciar com toda a Igreja do [&hellip;]<\/p>\n","protected":false},"author":5,"featured_media":0,"comment_status":"open","ping_status":"open","sticky":false,"template":"","format":"standard","meta":{"footnotes":""},"categories":[9],"tags":[],"class_list":["post-15977","post","type-post","status-publish","format-standard","hentry","category-artigos"],"_links":{"self":[{"href":"https:\/\/catolicanet.net\/wp-cnet\/wp-json\/wp\/v2\/posts\/15977","targetHints":{"allow":["GET"]}}],"collection":[{"href":"https:\/\/catolicanet.net\/wp-cnet\/wp-json\/wp\/v2\/posts"}],"about":[{"href":"https:\/\/catolicanet.net\/wp-cnet\/wp-json\/wp\/v2\/types\/post"}],"author":[{"embeddable":true,"href":"https:\/\/catolicanet.net\/wp-cnet\/wp-json\/wp\/v2\/users\/5"}],"replies":[{"embeddable":true,"href":"https:\/\/catolicanet.net\/wp-cnet\/wp-json\/wp\/v2\/comments?post=15977"}],"version-history":[{"count":1,"href":"https:\/\/catolicanet.net\/wp-cnet\/wp-json\/wp\/v2\/posts\/15977\/revisions"}],"predecessor-version":[{"id":21455,"href":"https:\/\/catolicanet.net\/wp-cnet\/wp-json\/wp\/v2\/posts\/15977\/revisions\/21455"}],"wp:attachment":[{"href":"https:\/\/catolicanet.net\/wp-cnet\/wp-json\/wp\/v2\/media?parent=15977"}],"wp:term":[{"taxonomy":"category","embeddable":true,"href":"https:\/\/catolicanet.net\/wp-cnet\/wp-json\/wp\/v2\/categories?post=15977"},{"taxonomy":"post_tag","embeddable":true,"href":"https:\/\/catolicanet.net\/wp-cnet\/wp-json\/wp\/v2\/tags?post=15977"}],"curies":[{"name":"wp","href":"https:\/\/api.w.org\/{rel}","templated":true}]}}