{"id":1597,"date":"2012-03-20T14:07:00","date_gmt":"2012-03-20T17:07:00","guid":{"rendered":"http:\/\/catolicanet.net\/wp-cnet\/morte-e-vida\/"},"modified":"2017-03-20T15:20:09","modified_gmt":"2017-03-20T18:20:09","slug":"morte-e-vida","status":"publish","type":"post","link":"https:\/\/catolicanet.net\/wp-cnet\/morte-e-vida\/","title":{"rendered":"Morte e Vida"},"content":{"rendered":"<p style=\"text-align: justify;\"><img decoding=\"async\" src=\"images\/stories\/dompaulomendes1.jpg\" border=\"0\" align=\"left\" \/>Na trajet\u00f3ria do tempo da quaresma, temos que repetir uma frase de Jesus que se torna fundamental: Eu vim para que todos tenham vida e vida em plenitude. Isto indica uma vida realizada, feliz e plena, n\u00e3o s\u00f3 na dimens\u00e3o da eternidade, mas tamb\u00e9m nos dias de hoje. Ela s\u00f3 ser\u00e1 saud\u00e1vel no futuro se for aut\u00eantica no presente.<br \/>A morte precoce, violenta e irrespons\u00e1vel pode por fim a vida terrena e prejudicar a felicidade futura. Mas pode tamb\u00e9m ser o salto de qualidade na entrega feita a Deus, entendida at\u00e9 como mart\u00edrio. Na morte de Cristo na cruz, de forma das mais violentas poss\u00edveis, est\u00e1 a vida e a promessa de ressurrei\u00e7\u00e3o para todos.<br \/>Dentro dos crit\u00e9rios da cultura marcadamente capitalista, passa pela cobi\u00e7a e pela competi\u00e7\u00e3o a conquista do mundo feliz. Mas acaba provocando uma grande desigualdade entre as pessoas e uma guerra desenfreada pelo dinheiro, gerando viol\u00eancia e inseguran\u00e7a. Isto n\u00e3o pode significar vida plena j\u00e1 aqui no mundo e causa muita infelicidade. <br \/>O mundo tem que descobrir que a via \u00e9 outra. A alternativa \u00e9 a capacidade de doa\u00e7\u00e3o, de sacrificar-se pelo outro, superando todo tipo de ac\u00famulo ego\u00edsta e sem fun\u00e7\u00e3o social. \u00c9 como a semente colocada na terra. Para produzir frutos, ela tem que morrer. Deve ser regada, evitando que seque na terra e fique inf\u00e9rtil.<br \/>Toda infidelidade \u00e0 lei da vida ocasiona morte. \u00c9 como o povo judeu, infiel \u00e0 Alian\u00e7a e aos princ\u00edpios da Lei, seu reino foi invadido pelo Imp\u00e9rio da Babil\u00f4nia, provocando destrui\u00e7\u00e3o, morte e escravid\u00e3o. N\u00e3o podemos perder a sensibilidade do cora\u00e7\u00e3o em rela\u00e7\u00e3o \u00e0 lei da solidariedade e do respeito aos mais necessitados.<br \/>Jesus sempre mostrou que a vida nasce da morte, a vit\u00f3ria surge do fracasso e a salva\u00e7\u00e3o \u00e9 consequ\u00eancia do sacrif\u00edcio que fazemos em favor dos outros. \u00c9 um indicativo dif\u00edcil de ser entendido na sua realidade, principalmente no mundo da arrog\u00e2ncia, da concentra\u00e7\u00e3o de poderes, de ego\u00edsmo etc. A vida pascal, ressuscitada e feliz, vem pela morte.<\/p>\n","protected":false},"excerpt":{"rendered":"<p>Na trajet\u00f3ria do tempo da quaresma, temos que repetir uma frase de Jesus que se torna fundamental: Eu vim para que todos tenham vida e vida em plenitude. Isto indica uma vida realizada, feliz e plena, n\u00e3o s\u00f3 na dimens\u00e3o da eternidade, mas tamb\u00e9m nos dias de hoje. Ela s\u00f3 ser\u00e1 saud\u00e1vel no futuro se [&hellip;]<\/p>\n","protected":false},"author":11,"featured_media":1528,"comment_status":"closed","ping_status":"closed","sticky":false,"template":"","format":"standard","meta":{"footnotes":""},"categories":[9],"tags":[],"class_list":["post-1597","post","type-post","status-publish","format-standard","has-post-thumbnail","hentry","category-artigos"],"_links":{"self":[{"href":"https:\/\/catolicanet.net\/wp-cnet\/wp-json\/wp\/v2\/posts\/1597","targetHints":{"allow":["GET"]}}],"collection":[{"href":"https:\/\/catolicanet.net\/wp-cnet\/wp-json\/wp\/v2\/posts"}],"about":[{"href":"https:\/\/catolicanet.net\/wp-cnet\/wp-json\/wp\/v2\/types\/post"}],"author":[{"embeddable":true,"href":"https:\/\/catolicanet.net\/wp-cnet\/wp-json\/wp\/v2\/users\/11"}],"replies":[{"embeddable":true,"href":"https:\/\/catolicanet.net\/wp-cnet\/wp-json\/wp\/v2\/comments?post=1597"}],"version-history":[{"count":1,"href":"https:\/\/catolicanet.net\/wp-cnet\/wp-json\/wp\/v2\/posts\/1597\/revisions"}],"predecessor-version":[{"id":6779,"href":"https:\/\/catolicanet.net\/wp-cnet\/wp-json\/wp\/v2\/posts\/1597\/revisions\/6779"}],"wp:featuredmedia":[{"embeddable":true,"href":"https:\/\/catolicanet.net\/wp-cnet\/wp-json\/wp\/v2\/media\/1528"}],"wp:attachment":[{"href":"https:\/\/catolicanet.net\/wp-cnet\/wp-json\/wp\/v2\/media?parent=1597"}],"wp:term":[{"taxonomy":"category","embeddable":true,"href":"https:\/\/catolicanet.net\/wp-cnet\/wp-json\/wp\/v2\/categories?post=1597"},{"taxonomy":"post_tag","embeddable":true,"href":"https:\/\/catolicanet.net\/wp-cnet\/wp-json\/wp\/v2\/tags?post=1597"}],"curies":[{"name":"wp","href":"https:\/\/api.w.org\/{rel}","templated":true}]}}