{"id":1595,"date":"2012-03-20T14:02:37","date_gmt":"2012-03-20T17:02:37","guid":{"rendered":"http:\/\/catolicanet.net\/wp-cnet\/governo-cubano-lanca-site-sobre-a-visita-de-bento-xvi\/"},"modified":"2017-03-20T15:19:11","modified_gmt":"2017-03-20T18:19:11","slug":"governo-cubano-lanca-site-sobre-a-visita-de-bento-xvi","status":"publish","type":"post","link":"https:\/\/catolicanet.net\/wp-cnet\/governo-cubano-lanca-site-sobre-a-visita-de-bento-xvi\/","title":{"rendered":"Governo cubano lan\u00e7a site sobre a visita de Bento XVI"},"content":{"rendered":"<p style=\"text-align: justify;\"><img decoding=\"async\" src=\"images\/stories\/bentoemcuba.jpg\" border=\"0\" align=\"left\" \/>Basta acessar http:\/\/benedictocuba.cubaminrex.cu para ter informa\u00e7\u00f5es oficiais sobre a viagem de Bento XVI a Cuba, entre 26 e 28 de mar\u00e7o.<\/p>\n<p>Al\u00e9m do programa oficial da visita do Papa h\u00e1 artigos de atualidade e dados relevantes para os fi\u00e9is cat\u00f3licos, como a biografia do Pe. F\u00e9lix Varela e um v\u00eddeo sobre a cidade do Vaticano.<\/p>\n<p>Na p\u00e1gina tamb\u00e9m est\u00e1 publicado um comunicado da Confer\u00eancia de Bispos Cat\u00f3licos de Cuba, na qual os prelados assinalam que a pr\u00f3xima visita do Papa &#8220;cumpre um desejo que por longo tempo esteve vivo no cora\u00e7\u00e3o dos cat\u00f3licos e de muitos cubanos que se identificam ou se sentem parte da Igreja Cat\u00f3lica&#8221;.<\/p>\n<p>A Igreja nos \u00faltimos anos se converteu em um importante protagonista social e um interlocutor est\u00e1vel do governo. Como prova disso, o Arcebispo de Havana, o Cardeal Jaime Ortega, teve uma in\u00e9dita apari\u00e7\u00e3o no dia 13 de mar\u00e7o na televis\u00e3o estatal para falar sobre a visita pastoral do Santo Padre.<\/p>\n","protected":false},"excerpt":{"rendered":"<p>Basta acessar http:\/\/benedictocuba.cubaminrex.cu para ter informa\u00e7\u00f5es oficiais sobre a viagem de Bento XVI a Cuba, entre 26 e 28 de mar\u00e7o. Al\u00e9m do programa oficial da visita do Papa h\u00e1 artigos de atualidade e dados relevantes para os fi\u00e9is cat\u00f3licos, como a biografia do Pe. F\u00e9lix Varela e um v\u00eddeo sobre a cidade do Vaticano. [&hellip;]<\/p>\n","protected":false},"author":1,"featured_media":1594,"comment_status":"closed","ping_status":"closed","sticky":false,"template":"","format":"standard","meta":{"footnotes":""},"categories":[3],"tags":[],"class_list":["post-1595","post","type-post","status-publish","format-standard","has-post-thumbnail","hentry","category-vaticano"],"_links":{"self":[{"href":"https:\/\/catolicanet.net\/wp-cnet\/wp-json\/wp\/v2\/posts\/1595","targetHints":{"allow":["GET"]}}],"collection":[{"href":"https:\/\/catolicanet.net\/wp-cnet\/wp-json\/wp\/v2\/posts"}],"about":[{"href":"https:\/\/catolicanet.net\/wp-cnet\/wp-json\/wp\/v2\/types\/post"}],"author":[{"embeddable":true,"href":"https:\/\/catolicanet.net\/wp-cnet\/wp-json\/wp\/v2\/users\/1"}],"replies":[{"embeddable":true,"href":"https:\/\/catolicanet.net\/wp-cnet\/wp-json\/wp\/v2\/comments?post=1595"}],"version-history":[{"count":1,"href":"https:\/\/catolicanet.net\/wp-cnet\/wp-json\/wp\/v2\/posts\/1595\/revisions"}],"predecessor-version":[{"id":6777,"href":"https:\/\/catolicanet.net\/wp-cnet\/wp-json\/wp\/v2\/posts\/1595\/revisions\/6777"}],"wp:featuredmedia":[{"embeddable":true,"href":"https:\/\/catolicanet.net\/wp-cnet\/wp-json\/wp\/v2\/media\/1594"}],"wp:attachment":[{"href":"https:\/\/catolicanet.net\/wp-cnet\/wp-json\/wp\/v2\/media?parent=1595"}],"wp:term":[{"taxonomy":"category","embeddable":true,"href":"https:\/\/catolicanet.net\/wp-cnet\/wp-json\/wp\/v2\/categories?post=1595"},{"taxonomy":"post_tag","embeddable":true,"href":"https:\/\/catolicanet.net\/wp-cnet\/wp-json\/wp\/v2\/tags?post=1595"}],"curies":[{"name":"wp","href":"https:\/\/api.w.org\/{rel}","templated":true}]}}