{"id":15938,"date":"2016-07-06T13:02:00","date_gmt":"2016-07-06T16:02:00","guid":{"rendered":"http:\/\/catolicanet.net\/wp-cnet\/2016\/07\/06\/ser-rosto-da-misericordia-de-deus-no-mundo-do-sofrimento\/"},"modified":"2017-06-02T14:39:20","modified_gmt":"2017-06-02T17:39:20","slug":"ser-rosto-da-misericordia-de-deus-no-mundo-do-sofrimento","status":"publish","type":"post","link":"https:\/\/catolicanet.net\/wp-cnet\/ser-rosto-da-misericordia-de-deus-no-mundo-do-sofrimento\/","title":{"rendered":"\u201cSer rosto da Miseric\u00f3rdia de Deus\u201d no mundo do sofrimento"},"content":{"rendered":"<p style=\"text-align: justify;\"><img decoding=\"async\" src=\"http:\/\/www.catolicanet.com.br\/images\/stories\/noticias\/rv17340_articolo.jpg\" border=\"0\" align=\"left\" \/>O desafio \u00e9 lan\u00e7ado em entrevista \u00e0 R\u00e1dio Vaticano pela Conselheira provincial das Irm\u00e3s Hospitaleiras do Sagrado Cora\u00e7\u00e3o de Jesus em Portugal.<\/p>\n<p style=\"text-align: justify;\"><a href=\"http:\/\/media02.radiovaticana.va\/audio\/audio2\/mp3\/00538160.mp3\">Clique aqui para ouvir.<\/a><\/p>\n<p>Um objetivo das VI Jornadas Hospitaleiras de Pastoral da Sa\u00fade que t\u00eam lugar hoje na Casa de Sa\u00fade da Idanha, arredores de Lisboa.<\/p>\n<p>\u201cEvangeliza\u00e7\u00e3o no mundo do sofrimento ps\u00edquico\u2019, \u00e9 o tema das jornadas centradas na \u201cdimens\u00e3o espiritual no atendimento \u00e0 pessoa em sofrimento\u201d, diz a Irm\u00e3 Paula Carneiro.<\/p>\n<p>J\u00e1 sobre o papel do Estado neste setor, aquela religiosa considera que \u201ch\u00e1 um desfasamento\u201d em rela\u00e7\u00e3o \u00e0 sa\u00fade mental, que \u201cfica sempre para 2\u00ba plano\u201d.<\/p>\n<p>\u201cSendo um pa\u00eds pequeno, sem recursos, devia haver uma estrat\u00e9gia de criar sinergias e complementaridade de servi\u00e7os\u201d, recomenda a Irm\u00e3 Paula Carneiro ao poder pol\u00edtico para evitar \u201ca duplica\u00e7\u00e3o destes servi\u00e7os\u201d, no setor da sa\u00fade mental.<\/p>\n<p style=\"text-align: justify;\">\u00a0<\/p>\n<p style=\"text-align: justify;\">Fonte: R\u00e1dio Vaticano<\/p>\n","protected":false},"excerpt":{"rendered":"<p>O desafio \u00e9 lan\u00e7ado em entrevista \u00e0 R\u00e1dio Vaticano pela Conselheira provincial das Irm\u00e3s Hospitaleiras do Sagrado Cora\u00e7\u00e3o de Jesus em Portugal. Clique aqui para ouvir. Um objetivo das VI Jornadas Hospitaleiras de Pastoral da Sa\u00fade que t\u00eam lugar hoje na Casa de Sa\u00fade da Idanha, arredores de Lisboa. \u201cEvangeliza\u00e7\u00e3o no mundo do sofrimento ps\u00edquico\u2019, [&hellip;]<\/p>\n","protected":false},"author":1,"featured_media":15937,"comment_status":"open","ping_status":"open","sticky":false,"template":"","format":"standard","meta":{"footnotes":""},"categories":[3],"tags":[],"class_list":["post-15938","post","type-post","status-publish","format-standard","has-post-thumbnail","hentry","category-vaticano"],"_links":{"self":[{"href":"https:\/\/catolicanet.net\/wp-cnet\/wp-json\/wp\/v2\/posts\/15938","targetHints":{"allow":["GET"]}}],"collection":[{"href":"https:\/\/catolicanet.net\/wp-cnet\/wp-json\/wp\/v2\/posts"}],"about":[{"href":"https:\/\/catolicanet.net\/wp-cnet\/wp-json\/wp\/v2\/types\/post"}],"author":[{"embeddable":true,"href":"https:\/\/catolicanet.net\/wp-cnet\/wp-json\/wp\/v2\/users\/1"}],"replies":[{"embeddable":true,"href":"https:\/\/catolicanet.net\/wp-cnet\/wp-json\/wp\/v2\/comments?post=15938"}],"version-history":[{"count":1,"href":"https:\/\/catolicanet.net\/wp-cnet\/wp-json\/wp\/v2\/posts\/15938\/revisions"}],"predecessor-version":[{"id":28712,"href":"https:\/\/catolicanet.net\/wp-cnet\/wp-json\/wp\/v2\/posts\/15938\/revisions\/28712"}],"wp:featuredmedia":[{"embeddable":true,"href":"https:\/\/catolicanet.net\/wp-cnet\/wp-json\/wp\/v2\/media\/15937"}],"wp:attachment":[{"href":"https:\/\/catolicanet.net\/wp-cnet\/wp-json\/wp\/v2\/media?parent=15938"}],"wp:term":[{"taxonomy":"category","embeddable":true,"href":"https:\/\/catolicanet.net\/wp-cnet\/wp-json\/wp\/v2\/categories?post=15938"},{"taxonomy":"post_tag","embeddable":true,"href":"https:\/\/catolicanet.net\/wp-cnet\/wp-json\/wp\/v2\/tags?post=15938"}],"curies":[{"name":"wp","href":"https:\/\/api.w.org\/{rel}","templated":true}]}}