{"id":15920,"date":"2016-07-05T14:50:14","date_gmt":"2016-07-05T17:50:14","guid":{"rendered":"http:\/\/catolicanet.net\/wp-cnet\/2016\/07\/05\/media-setor-do-turismo-da-igreja-catolica-renova-comunicacao-pela-internet\/"},"modified":"2017-05-31T10:09:16","modified_gmt":"2017-05-31T13:09:16","slug":"media-setor-do-turismo-da-igreja-catolica-renova-comunicacao-pela-internet","status":"publish","type":"post","link":"https:\/\/catolicanet.net\/wp-cnet\/media-setor-do-turismo-da-igreja-catolica-renova-comunicacao-pela-internet\/","title":{"rendered":"Media: Setor do turismo da Igreja Cat\u00f3lica renova comunica\u00e7\u00e3o pela internet"},"content":{"rendered":"<p style=\"text-align: justify;\">Obra Nacional da Pastoral do Turismo apresentou novo portal<\/p>\n<p>A Obra Nacional da Pastoral do Turismo (ONPT), da Igreja Cat\u00f3lica em Portugal, renovou a sua presen\u00e7a na internet com um novo portal que privilegia imagens do patrim\u00f3nio religioso, festas religiosas e destinos para f\u00e9rias.<\/p>\n<p>Quando o utilizador visita a nova p\u00e1gina da ONPT, t\u00eam lugar de destaque imagens de manifesta\u00e7\u00f5es religiosas institucionais, populares e de diversos lugares de f\u00e9 em Portugal .<\/p>\n<p><img decoding=\"async\" src=\"http:\/\/www.catolicanet.com.br\/images\/stories\/noticias\/onpt_site1.jpg\" border=\"0\" align=\"left\" \/>Ainda na homepage \u2013 p\u00e1gina principal \u2013 a Igreja Cat\u00f3lica em Portugal atrav\u00e9s da Obra Nacional da Pastoral do Turismo partilha algumas not\u00edcias nacionais e internacionais da \u00e1rea que podem ser consultadas na se\u00e7\u00e3o \u2018Not\u00edcias\u2019.<\/p>\n<p>A ONPT que vai promover uma peregrina\u00e7\u00e3o a Roma e Assis, de 07 a 10 de novembro, no \u00e2mbito do Jubileu da Miseric\u00f3rdia, onde v\u00e3o participar na audi\u00eancia p\u00fablica de quarta-feira com o Papa Francisco, tamb\u00e9m dedica uma \u00e1rea \u00e0s \u2018atividades\u2019.<\/p>\n<p>Os \u2018documentos\u2019 oficiais da Igreja produzidos a n\u00edvel nacional e internacional tamb\u00e9m t\u00eam uma sec\u00e7\u00e3o pr\u00f3pria para consulta e partilha, bem como uma \u00e1rea dedicada \u00e0 \u2018Liturgia\u2019 onde se disponibilizam conte\u00fados em v\u00e1rios idiomas.<\/p>\n<p>Em www.pastoraldoturismo.pt o utilizador podem ainda consultar as liga\u00e7\u00f5es e hiperliga\u00e7\u00f5es que a obra nacional considera mais importantes e contactar a equipa ONPT, na sede da Confer\u00eancia Episcopal Portuguesa.<\/p>\n<p>A Obra Nacional da Pastoral do Turismo tem como principais finalidades: \u201cIluminar a realidade humana do Turismo com a Palavra de Deus\u201d e \u201cpromover o respeito pela dignidade da pessoa humana e a procura do bem comum, expressos pela Doutrina Social da Igreja, em toda a atividade tur\u00edstica.\u201d<\/p>\n<p>A Obra Nacional da Pastoral do Turismo \u00e9 um organismo previsto na estrutura da Igreja Cat\u00f3lica em Portugal desde 1970, faz parte da Comiss\u00e3o Episcopal da Pastoral Social e Mobilidade Humana e foi apresentada a 22 de novembro de 2012.<\/p>\n<p style=\"text-align: justify;\">\u00a0<\/p>\n<p style=\"text-align: justify;\">Fonte: Ag\u00eancia Ecclesia<\/p>\n","protected":false},"excerpt":{"rendered":"<p>Obra Nacional da Pastoral do Turismo apresentou novo portal A Obra Nacional da Pastoral do Turismo (ONPT), da Igreja Cat\u00f3lica em Portugal, renovou a sua presen\u00e7a na internet com um novo portal que privilegia imagens do patrim\u00f3nio religioso, festas religiosas e destinos para f\u00e9rias. Quando o utilizador visita a nova p\u00e1gina da ONPT, t\u00eam lugar [&hellip;]<\/p>\n","protected":false},"author":1,"featured_media":15919,"comment_status":"open","ping_status":"open","sticky":false,"template":"","format":"standard","meta":{"footnotes":""},"categories":[4],"tags":[],"class_list":["post-15920","post","type-post","status-publish","format-standard","has-post-thumbnail","hentry","category-cotidiano"],"_links":{"self":[{"href":"https:\/\/catolicanet.net\/wp-cnet\/wp-json\/wp\/v2\/posts\/15920","targetHints":{"allow":["GET"]}}],"collection":[{"href":"https:\/\/catolicanet.net\/wp-cnet\/wp-json\/wp\/v2\/posts"}],"about":[{"href":"https:\/\/catolicanet.net\/wp-cnet\/wp-json\/wp\/v2\/types\/post"}],"author":[{"embeddable":true,"href":"https:\/\/catolicanet.net\/wp-cnet\/wp-json\/wp\/v2\/users\/1"}],"replies":[{"embeddable":true,"href":"https:\/\/catolicanet.net\/wp-cnet\/wp-json\/wp\/v2\/comments?post=15920"}],"version-history":[{"count":1,"href":"https:\/\/catolicanet.net\/wp-cnet\/wp-json\/wp\/v2\/posts\/15920\/revisions"}],"predecessor-version":[{"id":25648,"href":"https:\/\/catolicanet.net\/wp-cnet\/wp-json\/wp\/v2\/posts\/15920\/revisions\/25648"}],"wp:featuredmedia":[{"embeddable":true,"href":"https:\/\/catolicanet.net\/wp-cnet\/wp-json\/wp\/v2\/media\/15919"}],"wp:attachment":[{"href":"https:\/\/catolicanet.net\/wp-cnet\/wp-json\/wp\/v2\/media?parent=15920"}],"wp:term":[{"taxonomy":"category","embeddable":true,"href":"https:\/\/catolicanet.net\/wp-cnet\/wp-json\/wp\/v2\/categories?post=15920"},{"taxonomy":"post_tag","embeddable":true,"href":"https:\/\/catolicanet.net\/wp-cnet\/wp-json\/wp\/v2\/tags?post=15920"}],"curies":[{"name":"wp","href":"https:\/\/api.w.org\/{rel}","templated":true}]}}