{"id":15910,"date":"2016-07-05T13:56:45","date_gmt":"2016-07-05T16:56:45","guid":{"rendered":"http:\/\/catolicanet.net\/wp-cnet\/2016\/07\/05\/papa-analisa-em-nova-entrevista-sua-relacao-com-o-governo-da-argentina\/"},"modified":"2017-06-02T11:38:14","modified_gmt":"2017-06-02T14:38:14","slug":"papa-analisa-em-nova-entrevista-sua-relacao-com-o-governo-da-argentina","status":"publish","type":"post","link":"https:\/\/catolicanet.net\/wp-cnet\/papa-analisa-em-nova-entrevista-sua-relacao-com-o-governo-da-argentina\/","title":{"rendered":"Papa analisa em nova entrevista sua rela\u00e7\u00e3o com o governo da Argentina"},"content":{"rendered":"<p style=\"text-align: justify;\"><img decoding=\"async\" src=\"http:\/\/www.catolicanet.com.br\/images\/stories\/papas\/papadanieliaciprensa12.jpg\" border=\"0\" align=\"left\" \/>O Papa Francisco concedeu uma nova entrevista, desta vez ao jornal argentino \u2018La Naci\u00f3n\u2019, na qual, entre outros temas, explica como \u00e9 a sua rela\u00e7\u00e3o com o atual Presidente do pa\u00eds, Mauricio Macri, fala acerca de Hebe de Bonafini, pol\u00eamica l\u00edder das M\u00e3es da Pra\u00e7a de Maio, e repete que seu \u00fanico porta-voz \u00e9 a sala de imprensa do Vaticano.<\/p>\n<p>Em resposta ao jornalista Joaquim Morales Sol\u00e1, o Pont\u00edfice assegurou: \u201cN\u00e3o tenho nenhum problema com o presidente Macri. Eu n\u00e3o gosto dos conflitos. J\u00e1 estou cansado de repetir isso\u201d.<\/p>\n<p>Francisco revela que teve somente um problema com ele em uma determinada ocasi\u00e3o: \u201cEle era chefe de governo da capital e eu Arcebispo. Foi apenas uma vez em tanto tempo. A m\u00e9dia \u00e9 muito baixa. Alguns outros problemas convers\u00e1vamos e resolv\u00edamos de maneira privada. N\u00f3s dois sempre respeitamos o acordo de privacidade. N\u00e3o busquem raz\u00f5es. N\u00e3o existe nenhuma explica\u00e7\u00e3o na hist\u00f3ria para que digam que eu tenho um conflito com Macri\u201d.<\/p>\n<p>O Papa tamb\u00e9m reconhece ter recebido nas \u00faltimas semanas tr\u00eas ministros do governo argentino porque \u201calguns s\u00e3o velhos amigos que queriam me visitar e os recebi com muito prazer\u201d.<\/p>\n<p>O Pont\u00edfice se referiu tamb\u00e9m durante a entrevista \u00e0 visita de Hebe de Bonafini ao Vaticano, pol\u00eamica l\u00edder argentina das M\u00e3es da Pra\u00e7a de Maio, que o insultou h\u00e1 algum tempo, quando ainda era Arcebispo de Buenos Aires.<\/p>\n<p>\u201cFoi um ato de perd\u00e3o. Ela me pediu perd\u00e3o e eu n\u00e3o o neguei. N\u00e3o nego a ningu\u00e9m. Nunca foi correto que as M\u00e3es sujassem a Catedral de Buenos Aires. Invadiram duas vezes esta Catedral. E nessas duas ocasi\u00f5es eu pedi que n\u00e3o lhes faltassem \u00e1gua nem banheiros. \u00c9 uma mulher que sofreu pela morte dos seus dois filhos. Eu me inclino, me ajoelho ante tal sofrimento. N\u00e3o importa o que disse de mim. E sei que no passado ela disse coisas horr\u00edveis\u201d.<\/p>\n<p>Por outro lado, o Papa \u00e9 questionado a respeito de seus poss\u00edveis \u201cporta-vozes\u201d na Argentina e \u00e9 perguntado se o deputado Gustavo Beira, presidente da ONG Alameda que luta contra o tr\u00e1fico de pessoas, \u00e9 seu porta-voz oficial.<\/p>\n<p>\u201cH\u00e1 muita confus\u00e3o sobre meus \u2018porta-vozes\u2019 na Argentina\u201d, responde Francisco. \u201cH\u00e1 aproximadamente dois meses, a sala de imprensa do Vaticano informou oficialmente que esta \u00e9 o \u00fanico porta-voz do Papa. N\u00e3o h\u00e1 mais porta-vozes, na Argentina ou em qualquer outro pa\u00eds, do que os porta-vozes oficiais do Papa. \u00c9 necess\u00e1rio repeti-lo? Ent\u00e3o repetirei: a sala de imprensa do Vaticano \u00e9 o \u00fanico porta-voz do Papa\u201d, assegura.<\/p>\n<p>Outro assunto importante mencionado na entrevista foi o aborrecimento que o Pont\u00edfice teve com a funda\u00e7\u00e3o pontif\u00edcia Scholas Occurrentes, por uma importante doa\u00e7\u00e3o do governo argentino.<\/p>\n<p>\u201cEu disse aos dois respons\u00e1veis pela Scholas, com todo meu carinho, que estava preservando-os, estava cuidando de eventuais tenta\u00e7\u00f5es ou erros com rela\u00e7\u00e3o \u00e0 funda\u00e7\u00e3o. De maneira alguma me referia ao governo. Disse ao presidente Macri quando o vi aqui que se trata de uma funda\u00e7\u00e3o privada com reconhecimento da Santa S\u00e9. O governo acessou ao pedido de Scholas porque tinha essa informa\u00e7\u00e3o. Continuo acreditando que n\u00e3o temos direito de pedir um peso ao governo argentino, pois este tem muitos problemas sociais para resolver\u201d, explicou o Papa.<\/p>\n<p>Finalmente, Francisco responde uma pergunta do jornalista sobre sua rela\u00e7\u00e3o com os \u201cultraconservadores da Igreja\u201d.<\/p>\n<p>\u201cEles fazem seu trabalho e eu fa\u00e7o o meu. Eu quero uma Igreja aberta, compreensiva, que acompanhe as fam\u00edlias feridas. Eles dizem n\u00e3o a tudo. Eu sigo o meu caminho sem olhar para o lado. N\u00e3o corto cabe\u00e7as. Nunca gostei de faz\u00ea-lo. E repito: recha\u00e7o o conflito\u201d. E concluiu com um sorriso: \u201cOs pregos s\u00e3o retirados quando os puxamos para cima. Ou os deixamos descansar, ao lado, quando chega a idade da aposentadoria\u201d, expressou.<\/p>\n<p style=\"text-align: justify;\">\u00a0<\/p>\n<p style=\"text-align: justify;\">Fonte: Acidigital<\/p>\n","protected":false},"excerpt":{"rendered":"<p>O Papa Francisco concedeu uma nova entrevista, desta vez ao jornal argentino \u2018La Naci\u00f3n\u2019, na qual, entre outros temas, explica como \u00e9 a sua rela\u00e7\u00e3o com o atual Presidente do pa\u00eds, Mauricio Macri, fala acerca de Hebe de Bonafini, pol\u00eamica l\u00edder das M\u00e3es da Pra\u00e7a de Maio, e repete que seu \u00fanico porta-voz \u00e9 a [&hellip;]<\/p>\n","protected":false},"author":1,"featured_media":15909,"comment_status":"open","ping_status":"open","sticky":false,"template":"","format":"standard","meta":{"footnotes":""},"categories":[3],"tags":[],"class_list":["post-15910","post","type-post","status-publish","format-standard","has-post-thumbnail","hentry","category-vaticano"],"_links":{"self":[{"href":"https:\/\/catolicanet.net\/wp-cnet\/wp-json\/wp\/v2\/posts\/15910","targetHints":{"allow":["GET"]}}],"collection":[{"href":"https:\/\/catolicanet.net\/wp-cnet\/wp-json\/wp\/v2\/posts"}],"about":[{"href":"https:\/\/catolicanet.net\/wp-cnet\/wp-json\/wp\/v2\/types\/post"}],"author":[{"embeddable":true,"href":"https:\/\/catolicanet.net\/wp-cnet\/wp-json\/wp\/v2\/users\/1"}],"replies":[{"embeddable":true,"href":"https:\/\/catolicanet.net\/wp-cnet\/wp-json\/wp\/v2\/comments?post=15910"}],"version-history":[{"count":1,"href":"https:\/\/catolicanet.net\/wp-cnet\/wp-json\/wp\/v2\/posts\/15910\/revisions"}],"predecessor-version":[{"id":28270,"href":"https:\/\/catolicanet.net\/wp-cnet\/wp-json\/wp\/v2\/posts\/15910\/revisions\/28270"}],"wp:featuredmedia":[{"embeddable":true,"href":"https:\/\/catolicanet.net\/wp-cnet\/wp-json\/wp\/v2\/media\/15909"}],"wp:attachment":[{"href":"https:\/\/catolicanet.net\/wp-cnet\/wp-json\/wp\/v2\/media?parent=15910"}],"wp:term":[{"taxonomy":"category","embeddable":true,"href":"https:\/\/catolicanet.net\/wp-cnet\/wp-json\/wp\/v2\/categories?post=15910"},{"taxonomy":"post_tag","embeddable":true,"href":"https:\/\/catolicanet.net\/wp-cnet\/wp-json\/wp\/v2\/tags?post=15910"}],"curies":[{"name":"wp","href":"https:\/\/api.w.org\/{rel}","templated":true}]}}