{"id":15890,"date":"2016-07-05T11:45:42","date_gmt":"2016-07-05T14:45:42","guid":{"rendered":"http:\/\/catolicanet.net\/wp-cnet\/2016\/07\/05\/descer-do-cavalo\/"},"modified":"2017-05-08T10:38:50","modified_gmt":"2017-05-08T13:38:50","slug":"descer-do-cavalo","status":"publish","type":"post","link":"https:\/\/catolicanet.net\/wp-cnet\/descer-do-cavalo\/","title":{"rendered":"Descer do cavalo"},"content":{"rendered":"<p style=\"text-align: justify;\">Deus, infinitamente bom, ao relacionar-se com seu povo em \u00edntima uni\u00e3o com o ser humano e com o mundo, aponta-nos para a cidade permanente, a Jerusal\u00e9m celeste, cidade esta que n\u00e3o prescinde de f\u00e9 e esperan\u00e7a, que tem sua origem e se consolida aqui na Terra. Da\u00ed a esperan\u00e7osa luta da criatura humana em busca de uma cidade muito al\u00e9m e acima desta, em um lugar de feliz encontro, reservado a todas as pessoas de boa vontade, onde Deus \u2013 bom, amigo e terno \u2013 se faz presente para sempre.<br \/>Cada pessoa que se comunica traz ao mundo o segredo do seu mist\u00e9rio de vida ou a raz\u00e3o do seu existir. No contexto da exist\u00eancia humana, como \u00e9 importante uma f\u00e9 viva, l\u00facida e consequente! Aqui deixo como um atraente desafio o exemplo de S\u00e3o Francisco de Assis, na loucura de um amor ardoroso e apaixonado, voltado para Deus e suas criaturas, compreendido em profundidade ao descer do cavalo e beijar o leproso. Que seu gesto radicalizado, com marcas de f\u00e9 e esperan\u00e7a, leve-nos a descer do cavalo da falta de solidariedade, orgulho, intransig\u00eancia, respeito e toler\u00e2ncia.<br \/>Os apelos de f\u00e9 e esperan\u00e7a chegam a n\u00f3s de muitos modos, em variados tempos e circunst\u00e2ncias. Como \u00e9 maravilhosa a imagem do encontro e da queda de Saulo no caminho de Damasco, descobrindo algo divino, nas areias daquela estrada, a voz de algu\u00e9m infinitamente maior do que sua incontida convic\u00e7\u00e3o, doravante doando-se por completo a Deus, no servi\u00e7o da humanidade! A Francisco de Assis, igualmente, foi enorme o custo de n\u00e3o s\u00f3 descer do belo e encantador cavalo, que na circunst\u00e2ncia montava, mas tamb\u00e9m do cavalo do orgulho e da vaidade, no sonho juvenil de conquistar grandes t\u00edtulos da nobreza de seu tempo.<br \/>Tom\u00e9 tamb\u00e9m desce do cavalo, na sua providente incredulidade, no seu gesto de tocar nas feridas de Jesus, gesto este que marcou profundamente e consolidou a nossa f\u00e9, afastando qualquer d\u00favida, nas palavras pronunciadas por Tom\u00e9: \u201cMeu Senhor e meu Deus\u201d. Que profiss\u00e3o de f\u00e9! Que b\u00ean\u00e7\u00e3o maravilhosa! Segundo S\u00e3o Greg\u00f3rio Magno, a falta de f\u00e9 do homem que precisava ver para crer n\u00e3o foi por acaso: estava previsto no plano de Deus. Pondo as m\u00e3os nas feridas do seu Mestre e Senhor, curou as suas e nossas feridas; curou as incredulidades da humanidade inteira, ocasionado-lhe f\u00e9 e esperan\u00e7a. Am\u00e9m!<\/p>\n","protected":false},"excerpt":{"rendered":"<p>Deus, infinitamente bom, ao relacionar-se com seu povo em \u00edntima uni\u00e3o com o ser humano e com o mundo, aponta-nos para a cidade permanente, a Jerusal\u00e9m celeste, cidade esta que n\u00e3o prescinde de f\u00e9 e esperan\u00e7a, que tem sua origem e se consolida aqui na Terra. Da\u00ed a esperan\u00e7osa luta da criatura humana em busca [&hellip;]<\/p>\n","protected":false},"author":6,"featured_media":0,"comment_status":"open","ping_status":"open","sticky":false,"template":"","format":"standard","meta":{"footnotes":""},"categories":[9],"tags":[],"class_list":["post-15890","post","type-post","status-publish","format-standard","hentry","category-artigos"],"_links":{"self":[{"href":"https:\/\/catolicanet.net\/wp-cnet\/wp-json\/wp\/v2\/posts\/15890","targetHints":{"allow":["GET"]}}],"collection":[{"href":"https:\/\/catolicanet.net\/wp-cnet\/wp-json\/wp\/v2\/posts"}],"about":[{"href":"https:\/\/catolicanet.net\/wp-cnet\/wp-json\/wp\/v2\/types\/post"}],"author":[{"embeddable":true,"href":"https:\/\/catolicanet.net\/wp-cnet\/wp-json\/wp\/v2\/users\/6"}],"replies":[{"embeddable":true,"href":"https:\/\/catolicanet.net\/wp-cnet\/wp-json\/wp\/v2\/comments?post=15890"}],"version-history":[{"count":1,"href":"https:\/\/catolicanet.net\/wp-cnet\/wp-json\/wp\/v2\/posts\/15890\/revisions"}],"predecessor-version":[{"id":21459,"href":"https:\/\/catolicanet.net\/wp-cnet\/wp-json\/wp\/v2\/posts\/15890\/revisions\/21459"}],"wp:attachment":[{"href":"https:\/\/catolicanet.net\/wp-cnet\/wp-json\/wp\/v2\/media?parent=15890"}],"wp:term":[{"taxonomy":"category","embeddable":true,"href":"https:\/\/catolicanet.net\/wp-cnet\/wp-json\/wp\/v2\/categories?post=15890"},{"taxonomy":"post_tag","embeddable":true,"href":"https:\/\/catolicanet.net\/wp-cnet\/wp-json\/wp\/v2\/tags?post=15890"}],"curies":[{"name":"wp","href":"https:\/\/api.w.org\/{rel}","templated":true}]}}