{"id":15885,"date":"2016-07-04T17:28:02","date_gmt":"2016-07-04T20:28:02","guid":{"rendered":"http:\/\/catolicanet.net\/wp-cnet\/2016\/07\/04\/atentado-em-daca-qestamos-com-medoq-afirma-diretor-das-pom\/"},"modified":"2017-06-02T09:48:21","modified_gmt":"2017-06-02T12:48:21","slug":"atentado-em-daca-qestamos-com-medoq-afirma-diretor-das-pom","status":"publish","type":"post","link":"https:\/\/catolicanet.net\/wp-cnet\/atentado-em-daca-qestamos-com-medoq-afirma-diretor-das-pom\/","title":{"rendered":"Atentado em Daca: &#8220;Estamos com medo&#8221;, afirma Diretor das POM"},"content":{"rendered":"<p style=\"text-align: justify;\"><img decoding=\"async\" src=\"http:\/\/www.catolicanet.com.br\/images\/stories\/noticias\/afp5485182_articolo.jpg\" border=\"0\" align=\"left\" \/>&#8220;Depois do atentado de Daca, estamos muito preocupados com o crescimento do terrorismo. Esses atos terroristas s\u00e3o um dano para o pa\u00eds e para a sua imagem no exterior. A situa\u00e7\u00e3o que vivemos \u00e9 realmente dif\u00edcil&#8221;: afirma Pe. Dilip Costa, Diretor das Pontif\u00edcias Obras Mission\u00e1rias em Bangladesh, comentando o \u00faltimo epis\u00f3dio que abalou o pa\u00eds: com um blitz, as for\u00e7as especiais invadiram um restaurante para p\u00f4r fim \u00e0 a\u00e7\u00e3o de um grupo terrorista que mantinha v\u00e1rios estrangeiros como ref\u00e9ns em Daca. O balan\u00e7o \u00e9 de pelo menos 20 mortos e v\u00e1rios feridos.<\/p>\n<p>Pe. Costa, que \u00e9 tamb\u00e9m docente no Semin\u00e1rio de Daca e colaborador numa par\u00f3quia local, descreve a atmosfera no pa\u00eds:&#8221; \u00c9 verdade que a maior parte dos mu\u00e7ulmanos condena atos como este e que os grupos radicais s\u00e3o minorit\u00e1rios. Mas os perigos existem e tamb\u00e9m n\u00f3s crist\u00e3os os sentimos, j\u00e1 que houve ataques tamb\u00e9m contra locais crist\u00e3os e mission\u00e1rios. O governo afirma que faz o que pode, mas evidentemente n\u00e3o \u00e9 o suficiente para det\u00ea-los. N\u00e3o sabemos quanto seja direto e concreto o elo dos grupos radicais e violentos nacionais com o Estado Isl\u00e2mico no Oriente M\u00e9dio, mas certamente este \u00e9 um risco que corremos&#8221;, acrescenta o\u00a0 Diretor.<\/p>\n<p>As institui\u00e7\u00f5es crist\u00e3s s\u00e3o protegidas pela pol\u00edcia, mas &#8220;todas as minorias vivem num estado de medo e n\u00e3o sabemos onde esta situa\u00e7\u00e3o prec\u00e1ria conduzir\u00e1 a na\u00e7\u00e3o. Como crist\u00e3os, rezamos e continuamos a nossa miss\u00e3o sobretudo com as obras sociais&#8221;, conclui.<\/p>\n<p style=\"text-align: justify;\">\u00a0<\/p>\n<p style=\"text-align: justify;\">Fonte: R\u00e1dio Vaticano<\/p>\n","protected":false},"excerpt":{"rendered":"<p>&#8220;Depois do atentado de Daca, estamos muito preocupados com o crescimento do terrorismo. Esses atos terroristas s\u00e3o um dano para o pa\u00eds e para a sua imagem no exterior. A situa\u00e7\u00e3o que vivemos \u00e9 realmente dif\u00edcil&#8221;: afirma Pe. Dilip Costa, Diretor das Pontif\u00edcias Obras Mission\u00e1rias em Bangladesh, comentando o \u00faltimo epis\u00f3dio que abalou o pa\u00eds: [&hellip;]<\/p>\n","protected":false},"author":1,"featured_media":15884,"comment_status":"open","ping_status":"open","sticky":false,"template":"","format":"standard","meta":{"footnotes":""},"categories":[3],"tags":[],"class_list":["post-15885","post","type-post","status-publish","format-standard","has-post-thumbnail","hentry","category-vaticano"],"_links":{"self":[{"href":"https:\/\/catolicanet.net\/wp-cnet\/wp-json\/wp\/v2\/posts\/15885","targetHints":{"allow":["GET"]}}],"collection":[{"href":"https:\/\/catolicanet.net\/wp-cnet\/wp-json\/wp\/v2\/posts"}],"about":[{"href":"https:\/\/catolicanet.net\/wp-cnet\/wp-json\/wp\/v2\/types\/post"}],"author":[{"embeddable":true,"href":"https:\/\/catolicanet.net\/wp-cnet\/wp-json\/wp\/v2\/users\/1"}],"replies":[{"embeddable":true,"href":"https:\/\/catolicanet.net\/wp-cnet\/wp-json\/wp\/v2\/comments?post=15885"}],"version-history":[{"count":1,"href":"https:\/\/catolicanet.net\/wp-cnet\/wp-json\/wp\/v2\/posts\/15885\/revisions"}],"predecessor-version":[{"id":27679,"href":"https:\/\/catolicanet.net\/wp-cnet\/wp-json\/wp\/v2\/posts\/15885\/revisions\/27679"}],"wp:featuredmedia":[{"embeddable":true,"href":"https:\/\/catolicanet.net\/wp-cnet\/wp-json\/wp\/v2\/media\/15884"}],"wp:attachment":[{"href":"https:\/\/catolicanet.net\/wp-cnet\/wp-json\/wp\/v2\/media?parent=15885"}],"wp:term":[{"taxonomy":"category","embeddable":true,"href":"https:\/\/catolicanet.net\/wp-cnet\/wp-json\/wp\/v2\/categories?post=15885"},{"taxonomy":"post_tag","embeddable":true,"href":"https:\/\/catolicanet.net\/wp-cnet\/wp-json\/wp\/v2\/tags?post=15885"}],"curies":[{"name":"wp","href":"https:\/\/api.w.org\/{rel}","templated":true}]}}