{"id":15869,"date":"2016-07-04T14:12:46","date_gmt":"2016-07-04T17:12:46","guid":{"rendered":"http:\/\/catolicanet.net\/wp-cnet\/2016\/07\/04\/cardeal-venezuelano-incentiva-defesa-da-familia-frente-a-ideologia-de-genero\/"},"modified":"2017-05-31T10:09:23","modified_gmt":"2017-05-31T13:09:23","slug":"cardeal-venezuelano-incentiva-defesa-da-familia-frente-a-ideologia-de-genero","status":"publish","type":"post","link":"https:\/\/catolicanet.net\/wp-cnet\/cardeal-venezuelano-incentiva-defesa-da-familia-frente-a-ideologia-de-genero\/","title":{"rendered":"Cardeal venezuelano incentiva defesa da fam\u00edlia frente \u00e0 ideologia de g\u00eanero"},"content":{"rendered":"<p style=\"text-align: justify;\"><img decoding=\"async\" src=\"http:\/\/www.catolicanet.com.br\/images\/stories\/cardeais\/cardenalurosa_bohumilpetrikaciprensa_300616.jpg\" border=\"0\" align=\"left\" \/>O Arcebispo de Caracas e Primaz da Venezuela, Cardeal Jorge Urosa Savino, exortou os fi\u00e9is a defender a Igreja e a fam\u00edlia diante do impacto da ideologia de g\u00eanero, a qual parte de uma \u201ccorrente que exalta a sexualidade e o erotismo de maneira absoluta\u201d.<\/p>\n<p>A ideologia de g\u00eanero nasceu nos Estados Unidos h\u00e1 30 anos, logo desenvolveu-se na Europa seguindo linhas particulares do feminismo e do pensamento homossexual. Esta corrente afirma que a diferen\u00e7a entre homem e mulher \u00e9 uma quest\u00e3o social, uma constru\u00e7\u00e3o cultural que precede \u00e0 quest\u00e3o biol\u00f3gica.<\/p>\n<p>Ao presidir a Missa pela festa de S\u00e3o Josemar\u00eda Escriv\u00e1, em 26 de junho, o Cardeal Urosa Savino recordou as diversas dificuldades pelas quais a Venezuela est\u00e1 passando, tanto pol\u00edticas, como sociais e econ\u00f4micas, que \u201cest\u00e3o gerando uma crise humanit\u00e1ria em nosso pa\u00eds\u201d.<\/p>\n<p>Al\u00e9m destas, indicou, a Venezuela sofre \u201cas dificuldades que geram o secularismo agressivo, antirreligioso e anticat\u00f3lico que vemos na Europa e na Am\u00e9rica do Norte e que em menor medida, mas tamb\u00e9m, acabam sendo geradas progressivamente entre n\u00f3s\u201d.<\/p>\n<p>Um dos principais promotores da ideologia de g\u00eanero e do aborto na Venezuela \u00e9 o transexual Tomam Adri\u00e1n \u2013 conhecido como \u201cTamara\u201d\u2013, que com 61 anos conseguiu ingressar no parlamento venezuelano nas elei\u00e7\u00f5es do dia 6 de dezembro de 2015.<\/p>\n<p>O Cardeal Urosa advertiu que a ideologia de g\u00eanero procura \u201cmostrar a pr\u00e1tica da homossexualidade, como algo normal, comum, fora e por cima das normas morais e dos mandamentos da lei de Deus\u201d.<\/p>\n<p>Esta ideologia, indicou, tamb\u00e9m pretende a equipara\u00e7\u00e3o \u201cdas uni\u00f5es homossexuais ao casamento e a sexualidade indiferenciada \u00e0 conviv\u00eancia leg\u00edtima entre os esposos\u201d.<\/p>\n<p>O Arcebispo de Caracas indicou que \u201catualmente n\u00f3s somos chamados a escutar e a imitar S\u00e3o Josemar\u00eda em seu convite \u00e0 santidade na vida di\u00e1ria, no trabalho cotidiano, mas tamb\u00e9m na fidelidade \u00e0 verdade revelada e na difus\u00e3o e defesa dessa verdade esplendorosa\u201d.<\/p>\n<p>\u201cNestes momentos de secularismo agressivo e de exalta\u00e7\u00e3o amoral da sexualidade indiscriminada, os cat\u00f3licos devem estar dispostos, por um lado, a trabalhar na defesa da nossa religi\u00e3o e na vida da igreja, e por outro lado, na defesa da fam\u00edlia e de um bom conceito de matrim\u00f4nio e da sexualidade\u201d, sublinhou.<\/p>\n<p style=\"text-align: justify;\">\u00a0<\/p>\n<p style=\"text-align: justify;\">Fonte: Acidigital<\/p>\n","protected":false},"excerpt":{"rendered":"<p>O Arcebispo de Caracas e Primaz da Venezuela, Cardeal Jorge Urosa Savino, exortou os fi\u00e9is a defender a Igreja e a fam\u00edlia diante do impacto da ideologia de g\u00eanero, a qual parte de uma \u201ccorrente que exalta a sexualidade e o erotismo de maneira absoluta\u201d. A ideologia de g\u00eanero nasceu nos Estados Unidos h\u00e1 30 [&hellip;]<\/p>\n","protected":false},"author":1,"featured_media":15868,"comment_status":"open","ping_status":"open","sticky":false,"template":"","format":"standard","meta":{"footnotes":""},"categories":[4],"tags":[],"class_list":["post-15869","post","type-post","status-publish","format-standard","has-post-thumbnail","hentry","category-cotidiano"],"_links":{"self":[{"href":"https:\/\/catolicanet.net\/wp-cnet\/wp-json\/wp\/v2\/posts\/15869","targetHints":{"allow":["GET"]}}],"collection":[{"href":"https:\/\/catolicanet.net\/wp-cnet\/wp-json\/wp\/v2\/posts"}],"about":[{"href":"https:\/\/catolicanet.net\/wp-cnet\/wp-json\/wp\/v2\/types\/post"}],"author":[{"embeddable":true,"href":"https:\/\/catolicanet.net\/wp-cnet\/wp-json\/wp\/v2\/users\/1"}],"replies":[{"embeddable":true,"href":"https:\/\/catolicanet.net\/wp-cnet\/wp-json\/wp\/v2\/comments?post=15869"}],"version-history":[{"count":1,"href":"https:\/\/catolicanet.net\/wp-cnet\/wp-json\/wp\/v2\/posts\/15869\/revisions"}],"predecessor-version":[{"id":25660,"href":"https:\/\/catolicanet.net\/wp-cnet\/wp-json\/wp\/v2\/posts\/15869\/revisions\/25660"}],"wp:featuredmedia":[{"embeddable":true,"href":"https:\/\/catolicanet.net\/wp-cnet\/wp-json\/wp\/v2\/media\/15868"}],"wp:attachment":[{"href":"https:\/\/catolicanet.net\/wp-cnet\/wp-json\/wp\/v2\/media?parent=15869"}],"wp:term":[{"taxonomy":"category","embeddable":true,"href":"https:\/\/catolicanet.net\/wp-cnet\/wp-json\/wp\/v2\/categories?post=15869"},{"taxonomy":"post_tag","embeddable":true,"href":"https:\/\/catolicanet.net\/wp-cnet\/wp-json\/wp\/v2\/tags?post=15869"}],"curies":[{"name":"wp","href":"https:\/\/api.w.org\/{rel}","templated":true}]}}