{"id":15865,"date":"2016-07-04T14:03:26","date_gmt":"2016-07-04T17:03:26","guid":{"rendered":"http:\/\/catolicanet.net\/wp-cnet\/2016\/07\/04\/madre-teresa-de-calcuta-oito-qdias-de-festaq-em-roma-pela-sua-canonizacao\/"},"modified":"2017-05-31T10:09:23","modified_gmt":"2017-05-31T13:09:23","slug":"madre-teresa-de-calcuta-oito-qdias-de-festaq-em-roma-pela-sua-canonizacao","status":"publish","type":"post","link":"https:\/\/catolicanet.net\/wp-cnet\/madre-teresa-de-calcuta-oito-qdias-de-festaq-em-roma-pela-sua-canonizacao\/","title":{"rendered":"Madre Teresa de Calcut\u00e1: Oito &#8220;dias de festa&#8221; em Roma pela sua canoniza\u00e7\u00e3o"},"content":{"rendered":"<p style=\"text-align: justify;\"><img decoding=\"async\" src=\"http:\/\/www.catolicanet.com.br\/images\/stories\/noticias\/madreteresa_facebookmadreteresadecalcuta010716.jpg\" border=\"0\" align=\"left\" \/>As Mission\u00e1rias da Caridade apresentaram o programa para a canoniza\u00e7\u00e3o da Beata Madre Teresa de Calcut\u00e1 que acontecer\u00e1 no dia 4 de setembro no Vaticano, o qual prev\u00ea uma s\u00e9rie de celebra\u00e7\u00f5es lit\u00fargicas e atividades durante os dias pr\u00e9vios e posteriores, com a possibilidade de que os fi\u00e9is venerem as rel\u00edquias da futura Santa.<\/p>\n<p>A canoniza\u00e7\u00e3o da Madre Teresa, a ser realizada no contexto do Jubileu da Miseric\u00f3rdia, tem como lema \u201cPortadora do amor terno e misericordioso de Deus\u201d. O programa da sua canoniza\u00e7\u00e3o come\u00e7a no dia 1\u00ba e se estender\u00e1 at\u00e9 o dia 8 de setembro.<\/p>\n<p>No primeiro dia, \u00e0s 9h, ser\u00e1 inaugurada a \u201cExposi\u00e7\u00e3o da vida, o esp\u00edrito e a mensagem de Madre Teresa\u201d na Universidade LUMSA. Das 16h \u00e0s 20h30, ser\u00e1 realizado a \u201cFesta familiar com os pobres e para os pobres das Mission\u00e1rias da Caridade\u201d no Audit\u00f3rio Santa Cec\u00edlia.<\/p>\n<p>Em 2 de setembro, ser\u00e3o celebradas Missas em diferentes idiomas na Bas\u00edlica Santa Anast\u00e1sia em Roma.<\/p>\n<p>De 8h30 \u00e0s 22h, ser\u00e1 feita na Bas\u00edlica de S\u00e3o Jo\u00e3o de Latr\u00e3o a Vig\u00edlia de Ora\u00e7\u00e3o com Adora\u00e7\u00e3o Solene, presidida pelo Vig\u00e1rio Geral do Papa para a Diocese de Roma, Cardeal Agostino Vallini. O tema ser\u00e1 \u201cIrradiando a Luz de Cristo: Um Chamado \u00e0 Santidade\u201d.<\/p>\n<p>No s\u00e1bado, 3 de setembro, \u00e0s 10h acontecer\u00e1 a Catequese do Papa Francisco na Pra\u00e7a de S\u00e3o Pedro. Em seguida, \u00e0s 17h, a Bas\u00edlica San Andrea della Valle ser\u00e1 sede do evento Ora\u00e7\u00e3o e Medita\u00e7\u00e3o Musical, um Orat\u00f3rio em homenagem \u00e0 Beata Teresa de Calcut\u00e1. Logo depois, haver\u00e1 um momento de venera\u00e7\u00e3o das rel\u00edquias da Beata e a Santa Missa \u00e0s 19h.<\/p>\n<p>No domingo, 4, dia central, ser\u00e1 celebrada a Missa de canoniza\u00e7\u00e3o da fundadora das Mission\u00e1rias da Caridade \u00e0s 10h na Pra\u00e7a de S\u00e3o Pedro, presidida pelo Papa Francisco. Ao meio-dia, ele recitar\u00e1 a Ora\u00e7\u00e3o do \u00c2ngelus.<\/p>\n<p>No dia seguinte, 5, ser\u00e1 celebrada \u00e0s 10h na Pra\u00e7a de S\u00e3o Pedro a primeira festa de Santa Teresa de Calcut\u00e1 e a Missa de A\u00e7\u00e3o de Gra\u00e7as, que ser\u00e1 presidida pelo Secret\u00e1rio de Estado do Vaticano, Cardeal Pietro Parolin.<\/p>\n<p>\u00c0 tarde haver\u00e1 um momento de venera\u00e7\u00e3o das rel\u00edquias da nova Santa na Bas\u00edlica de S\u00e3o Jo\u00e3o de Latr\u00e3o de 16h \u00e0s 18h30.<\/p>\n<p>Na ter\u00e7a-feira, 6 de setembro, os fi\u00e9is ter\u00e3o novamente a oportunidade de venerar as rel\u00edquias na Bas\u00edlica de S\u00e3o Jo\u00e3o de Latr\u00e3o de 7h \u00e0s 18h30.<\/p>\n<p>Finalmente, as rel\u00edquias ser\u00e3o transladadas \u00e0 Igreja de S\u00e3o Greg\u00f3rio Magno ao Celio para sua venera\u00e7\u00e3o nos dias 7 e 8 de setembro das 9h \u00e0s 18h. Do mesmo modo, os fi\u00e9is poder\u00e3o visitar o quarto da Madre Teresa no Convento de S\u00e3o Greg\u00f3rio das 8h30 \u00e0s 12h e das 16h10 \u00e0s 19h.<\/p>\n<p>Em sua p\u00e1gina, as Mission\u00e1rias da Caridade assinalam que \u201ca canoniza\u00e7\u00e3o da Madre Teresa nos convida a olh\u00e1-la como uma hero\u00edna crist\u00e3, um modelo maravilhoso da vida crist\u00e3\u201d.<\/p>\n<p>\u201cMas, como diz o documento Lumen Gentium do Conc\u00edlio Vaticano II: \u2018Veneramos a mem\u00f3ria dos Santos do c\u00e9u por sua exemplaridade, por\u00e9m, mais ainda com o objetivo de que a uni\u00e3o de toda a Igreja se fortale\u00e7a pelo exerc\u00edcio da caridade fraterna. Porque, assim como a comunh\u00e3o crist\u00e3 entre os peregrinos nos aproxima mais de Cristo, o cons\u00f3rcio com os Santos nos une a Cristo, de quem, como fonte e cabe\u00e7a, prov\u00e9m toda gra\u00e7a e vida do povo de Deus\u2019\u201d.<\/p>\n<p>Do mesmo modo, destacaram o fato de que a canoniza\u00e7\u00e3o se realize durante o Jubileu da Miseric\u00f3rdia, \u201cde maneira especial durante a celebra\u00e7\u00e3o do Jubileu dos trabalhadores e volunt\u00e1rios da miseric\u00f3rdia\u201d.<\/p>\n<p>\u201cTodo o pontificado do Papa Francisco est\u00e1 marcado pela aten\u00e7\u00e3o e o amor pelos \u00faltimos, os mais insignificantes e os extraviados, pelos marginalizados, os que est\u00e3o na periferia da exist\u00eancia humana \u2013 os mais pobres dos pobres. O que seria o mais apropriado ent\u00e3o, ter a Madre Teresa para ser, inclusive pud\u00e9ssemos dizer, a Santa deste Jubileu!\u201d, expressaram.<\/p>\n<p style=\"text-align: justify;\">\u00a0<\/p>\n<p style=\"text-align: justify;\">Fonte: Acidigital<\/p>\n","protected":false},"excerpt":{"rendered":"<p>As Mission\u00e1rias da Caridade apresentaram o programa para a canoniza\u00e7\u00e3o da Beata Madre Teresa de Calcut\u00e1 que acontecer\u00e1 no dia 4 de setembro no Vaticano, o qual prev\u00ea uma s\u00e9rie de celebra\u00e7\u00f5es lit\u00fargicas e atividades durante os dias pr\u00e9vios e posteriores, com a possibilidade de que os fi\u00e9is venerem as rel\u00edquias da futura Santa. A [&hellip;]<\/p>\n","protected":false},"author":1,"featured_media":15864,"comment_status":"open","ping_status":"open","sticky":false,"template":"","format":"standard","meta":{"footnotes":""},"categories":[4],"tags":[],"class_list":["post-15865","post","type-post","status-publish","format-standard","has-post-thumbnail","hentry","category-cotidiano"],"_links":{"self":[{"href":"https:\/\/catolicanet.net\/wp-cnet\/wp-json\/wp\/v2\/posts\/15865","targetHints":{"allow":["GET"]}}],"collection":[{"href":"https:\/\/catolicanet.net\/wp-cnet\/wp-json\/wp\/v2\/posts"}],"about":[{"href":"https:\/\/catolicanet.net\/wp-cnet\/wp-json\/wp\/v2\/types\/post"}],"author":[{"embeddable":true,"href":"https:\/\/catolicanet.net\/wp-cnet\/wp-json\/wp\/v2\/users\/1"}],"replies":[{"embeddable":true,"href":"https:\/\/catolicanet.net\/wp-cnet\/wp-json\/wp\/v2\/comments?post=15865"}],"version-history":[{"count":1,"href":"https:\/\/catolicanet.net\/wp-cnet\/wp-json\/wp\/v2\/posts\/15865\/revisions"}],"predecessor-version":[{"id":25661,"href":"https:\/\/catolicanet.net\/wp-cnet\/wp-json\/wp\/v2\/posts\/15865\/revisions\/25661"}],"wp:featuredmedia":[{"embeddable":true,"href":"https:\/\/catolicanet.net\/wp-cnet\/wp-json\/wp\/v2\/media\/15864"}],"wp:attachment":[{"href":"https:\/\/catolicanet.net\/wp-cnet\/wp-json\/wp\/v2\/media?parent=15865"}],"wp:term":[{"taxonomy":"category","embeddable":true,"href":"https:\/\/catolicanet.net\/wp-cnet\/wp-json\/wp\/v2\/categories?post=15865"},{"taxonomy":"post_tag","embeddable":true,"href":"https:\/\/catolicanet.net\/wp-cnet\/wp-json\/wp\/v2\/tags?post=15865"}],"curies":[{"name":"wp","href":"https:\/\/api.w.org\/{rel}","templated":true}]}}