{"id":15863,"date":"2016-07-04T13:59:08","date_gmt":"2016-07-04T16:59:08","guid":{"rendered":"http:\/\/catolicanet.net\/wp-cnet\/2016\/07\/04\/assessores-de-juventude-do-regional-sul-3-se-reunem\/"},"modified":"2017-05-31T10:11:23","modified_gmt":"2017-05-31T13:11:23","slug":"assessores-de-juventude-do-regional-sul-3-se-reunem","status":"publish","type":"post","link":"https:\/\/catolicanet.net\/wp-cnet\/assessores-de-juventude-do-regional-sul-3-se-reunem\/","title":{"rendered":"Assessores de juventude do Regional Sul 3 se re\u00fanem"},"content":{"rendered":"<p style=\"text-align: justify;\"><img decoding=\"async\" src=\"http:\/\/www.catolicanet.com.br\/images\/stories\/noticias\/1-1.jpg\" border=\"0\" align=\"left\" \/>Animadora: foi a palavra usada pela Coordenadora do Servi\u00e7o de Evangeliza\u00e7\u00e3o da Juventude do Regional Sul 3 da CNBB, irm\u00e3 Zenilde Fontes, para exemplificar a reuni\u00e3o de assessores realizada quinta-feira (30), em Porto Alegre.<\/p>\n<p>Cerca de 20 assessores dos Setores da Juventude das arquidioceses que comp\u00f5e o Regional Sul 3 estiveram reunidos para aprimorar os trabalhos desenvolvidos pelo Servi\u00e7o de Evangeliza\u00e7\u00e3o da Juventude do Regional \u2013 Ea\u00ed?Tch\u00ea, onde o slogan \u201cparticipar \u00e9 criar comunh\u00e3o\u201d foi o elo de liga\u00e7\u00e3o de todos os assessores e religiosos com juventude, de modo a seguir o eixo transversal \u201ccuidado com a vida\u201d como base de trabalho.<\/p>\n<p>De acordo com a coordenadora, esse foi um momento bonito para visualizar a unidade. \u201cPudemos vislumbrar daqui dois anos e de repente sonharmos juntos com uma \u2018provoca\u00e7\u00e3o\u2019 como assessoria, em rela\u00e7\u00e3o a unidade\u201d, disse.<\/p>\n<p>A programa\u00e7\u00e3o ocorreu conforme o planejamento com uma acolhida, momento de espiritualidade, seguida de uma mem\u00f3ria do caminho percorrido at\u00e9 o presente momento. Alguns assessores fazem parte desta caminhada desde 2010. Outros ingressando na caminhada no decorrer do tempo. Atualmente, todas as dioceses contam com o Setor Juventude organizado.<\/p>\n<p>Durante todo o dia, assessores diocesanos estiveram reunidos com o Bispo Referencial para Evangeliza\u00e7\u00e3o da Juventude dom Adelar Baruffi, da Diocese de Cruz Alta, al\u00e9m de Dom Adilson Pedro Busin, Bispo auxiliar da Arquidiocese de Porto Alegre, que segundo Zenilde, foram presen\u00e7as de grande import\u00e2ncia, pois acrescentou uma confian\u00e7a e um apoio da igreja regional em nome dos bispos do Estado.<\/p>\n<p>Segundo Dom Adelar Baruffi, a reuni\u00e3o acontece dentro de um processo que vem acontecendo desde 2010. \u201cEm 2010 o episcopado do Rio Grande do Sul resolveu criar um servi\u00e7o de evangeliza\u00e7\u00e3o da juventude que viesse a ser um apoio ao Setor Juventude das arquidioceses e dioceses. Este servi\u00e7o tem a miss\u00e3o de ser uma assessoria e poder ajudar para que as dioceses cumpram o papel de evangeliza\u00e7\u00e3o da juventude\u201d, lembrou.<\/p>\n<p>O assessor jovem da Diocese de Cachoeira do Sul, Jo\u00e3o Fernandes Junior, participou pela primeira vez da reuni\u00e3o regional. \u201cO encontro est\u00e1 sendo muito significativo para mim por retomar toda a caminhada da evangeliza\u00e7\u00e3o da juventude e preparar o futuro\u201d, contou Junior.<\/p>\n<p>A reuni\u00e3o tamb\u00e9m serviu como momento de articula\u00e7\u00e3o e contato antes da terceira etapa da Escola Regional de Assessores que acontece de 18 a 22 de julho, na Casa Marista da Juventude (Caju) em Porto Alegre e tem como objetivo qualificar a atua\u00e7\u00e3o dos assessores no contexto do Setor Juventude. \u201cQueremos promover a capacita\u00e7\u00e3o de assessores e jovens no processo de amadurecimento da f\u00e9 em continuidade a inicia\u00e7\u00e3o \u00e0 vida crist\u00e3\u201d, explica Zenilde.<\/p>\n<p>Por: Jo\u00e3o Francisco B\u00f3llico<br \/>Foto: Assessoria CNBB Sul 3<\/p>\n<p style=\"text-align: justify;\">\u00a0<\/p>\n<p style=\"text-align: justify;\">Fonte: Jovens Conectados<\/p>\n","protected":false},"excerpt":{"rendered":"<p>Animadora: foi a palavra usada pela Coordenadora do Servi\u00e7o de Evangeliza\u00e7\u00e3o da Juventude do Regional Sul 3 da CNBB, irm\u00e3 Zenilde Fontes, para exemplificar a reuni\u00e3o de assessores realizada quinta-feira (30), em Porto Alegre. Cerca de 20 assessores dos Setores da Juventude das arquidioceses que comp\u00f5e o Regional Sul 3 estiveram reunidos para aprimorar os [&hellip;]<\/p>\n","protected":false},"author":1,"featured_media":15862,"comment_status":"open","ping_status":"open","sticky":false,"template":"","format":"standard","meta":{"footnotes":""},"categories":[4],"tags":[],"class_list":["post-15863","post","type-post","status-publish","format-standard","has-post-thumbnail","hentry","category-cotidiano"],"_links":{"self":[{"href":"https:\/\/catolicanet.net\/wp-cnet\/wp-json\/wp\/v2\/posts\/15863","targetHints":{"allow":["GET"]}}],"collection":[{"href":"https:\/\/catolicanet.net\/wp-cnet\/wp-json\/wp\/v2\/posts"}],"about":[{"href":"https:\/\/catolicanet.net\/wp-cnet\/wp-json\/wp\/v2\/types\/post"}],"author":[{"embeddable":true,"href":"https:\/\/catolicanet.net\/wp-cnet\/wp-json\/wp\/v2\/users\/1"}],"replies":[{"embeddable":true,"href":"https:\/\/catolicanet.net\/wp-cnet\/wp-json\/wp\/v2\/comments?post=15863"}],"version-history":[{"count":1,"href":"https:\/\/catolicanet.net\/wp-cnet\/wp-json\/wp\/v2\/posts\/15863\/revisions"}],"predecessor-version":[{"id":25662,"href":"https:\/\/catolicanet.net\/wp-cnet\/wp-json\/wp\/v2\/posts\/15863\/revisions\/25662"}],"wp:featuredmedia":[{"embeddable":true,"href":"https:\/\/catolicanet.net\/wp-cnet\/wp-json\/wp\/v2\/media\/15862"}],"wp:attachment":[{"href":"https:\/\/catolicanet.net\/wp-cnet\/wp-json\/wp\/v2\/media?parent=15863"}],"wp:term":[{"taxonomy":"category","embeddable":true,"href":"https:\/\/catolicanet.net\/wp-cnet\/wp-json\/wp\/v2\/categories?post=15863"},{"taxonomy":"post_tag","embeddable":true,"href":"https:\/\/catolicanet.net\/wp-cnet\/wp-json\/wp\/v2\/tags?post=15863"}],"curies":[{"name":"wp","href":"https:\/\/api.w.org\/{rel}","templated":true}]}}