{"id":15861,"date":"2016-07-04T13:55:37","date_gmt":"2016-07-04T16:55:37","guid":{"rendered":"http:\/\/catolicanet.net\/wp-cnet\/2016\/07\/04\/ministerio-jovem-da-rcc-maranhao-celebra-20-anos\/"},"modified":"2017-05-31T10:11:24","modified_gmt":"2017-05-31T13:11:24","slug":"ministerio-jovem-da-rcc-maranhao-celebra-20-anos","status":"publish","type":"post","link":"https:\/\/catolicanet.net\/wp-cnet\/ministerio-jovem-da-rcc-maranhao-celebra-20-anos\/","title":{"rendered":"Minist\u00e9rio Jovem da RCC Maranh\u00e3o celebra 20 anos"},"content":{"rendered":"<p style=\"text-align: justify;\"><img decoding=\"async\" src=\"http:\/\/www.catolicanet.com.br\/images\/stories\/noticias\/20160629_mjmaranhao_04.jpg\" border=\"0\" align=\"left\" \/>A Renova\u00e7\u00e3o Carism\u00e1tica Cat\u00f3lica do Maranh\u00e3o est\u00e1 se preparando para comemorar 20 anos de hist\u00f3ria do Minist\u00e9rio Jovem no estado. Ser\u00e1 realizado o Encontro Estadual de Jovens, no per\u00edodo de 01 a 03 de julho, na cidade de Caxias, Diocese de Caxias do Maranh\u00e3o.<\/p>\n<p>A organiza\u00e7\u00e3o espera receber jovens das doze dioceses do estado para essa grande festa. Ser\u00e1 um dos maiores encontros de jovens realizados em toda a hist\u00f3ria do Movimento no estado. Um grande retiro que contar\u00e1 com a presen\u00e7a de Katia Roldi Zavaris, presidente do Conselho Nacional da RCCBRASIL, Fernando Gomes, coordenador nacional do Minist\u00e9rio Jovem da RCCBRASIL, Jo\u00e3o Luiz, presidente do conselho estadual da RCC MA, al\u00e9m de todas as lideran\u00e7as do movimento no estado.<\/p>\n<p>A RCC MA se alegra e espera ansiosa pela chegada dos Sentinelas da Manh\u00e3 que tomar\u00e1 conta da cidade com a alegria contagiante pr\u00f3pria do jovem que experimentou a \u00e1gua viva do Espirito Santo de Deus.<\/p>\n<p>Por Minist\u00e9rio de Comunica\u00e7\u00e3o Social RCC MA<\/p>\n<p style=\"text-align: justify;\">\u00a0<\/p>\n<p style=\"text-align: justify;\">Fonte: Jovens Conectados<\/p>\n","protected":false},"excerpt":{"rendered":"<p>A Renova\u00e7\u00e3o Carism\u00e1tica Cat\u00f3lica do Maranh\u00e3o est\u00e1 se preparando para comemorar 20 anos de hist\u00f3ria do Minist\u00e9rio Jovem no estado. Ser\u00e1 realizado o Encontro Estadual de Jovens, no per\u00edodo de 01 a 03 de julho, na cidade de Caxias, Diocese de Caxias do Maranh\u00e3o. A organiza\u00e7\u00e3o espera receber jovens das doze dioceses do estado para [&hellip;]<\/p>\n","protected":false},"author":1,"featured_media":15860,"comment_status":"open","ping_status":"open","sticky":false,"template":"","format":"standard","meta":{"footnotes":""},"categories":[4],"tags":[],"class_list":["post-15861","post","type-post","status-publish","format-standard","has-post-thumbnail","hentry","category-cotidiano"],"_links":{"self":[{"href":"https:\/\/catolicanet.net\/wp-cnet\/wp-json\/wp\/v2\/posts\/15861","targetHints":{"allow":["GET"]}}],"collection":[{"href":"https:\/\/catolicanet.net\/wp-cnet\/wp-json\/wp\/v2\/posts"}],"about":[{"href":"https:\/\/catolicanet.net\/wp-cnet\/wp-json\/wp\/v2\/types\/post"}],"author":[{"embeddable":true,"href":"https:\/\/catolicanet.net\/wp-cnet\/wp-json\/wp\/v2\/users\/1"}],"replies":[{"embeddable":true,"href":"https:\/\/catolicanet.net\/wp-cnet\/wp-json\/wp\/v2\/comments?post=15861"}],"version-history":[{"count":1,"href":"https:\/\/catolicanet.net\/wp-cnet\/wp-json\/wp\/v2\/posts\/15861\/revisions"}],"predecessor-version":[{"id":25663,"href":"https:\/\/catolicanet.net\/wp-cnet\/wp-json\/wp\/v2\/posts\/15861\/revisions\/25663"}],"wp:featuredmedia":[{"embeddable":true,"href":"https:\/\/catolicanet.net\/wp-cnet\/wp-json\/wp\/v2\/media\/15860"}],"wp:attachment":[{"href":"https:\/\/catolicanet.net\/wp-cnet\/wp-json\/wp\/v2\/media?parent=15861"}],"wp:term":[{"taxonomy":"category","embeddable":true,"href":"https:\/\/catolicanet.net\/wp-cnet\/wp-json\/wp\/v2\/categories?post=15861"},{"taxonomy":"post_tag","embeddable":true,"href":"https:\/\/catolicanet.net\/wp-cnet\/wp-json\/wp\/v2\/tags?post=15861"}],"curies":[{"name":"wp","href":"https:\/\/api.w.org\/{rel}","templated":true}]}}