{"id":15853,"date":"2016-07-04T13:29:00","date_gmt":"2016-07-04T16:29:00","guid":{"rendered":"http:\/\/catolicanet.net\/wp-cnet\/2016\/07\/04\/editorial-um-copo-de-agua\/"},"modified":"2017-06-02T10:25:26","modified_gmt":"2017-06-02T13:25:26","slug":"editorial-um-copo-de-agua","status":"publish","type":"post","link":"https:\/\/catolicanet.net\/wp-cnet\/editorial-um-copo-de-agua\/","title":{"rendered":"Editorial: Um copo de \u00e1gua"},"content":{"rendered":"<p style=\"text-align: justify;\"><img decoding=\"async\" src=\"http:\/\/www.catolicanet.com.br\/images\/stories\/noticias\/ap3457353_articolo.jpg\" border=\"0\" align=\"left\" \/>\u201cIgnorar o pobre \u00e9 desprezar Deus\u201d: uma frase que o Papa Francisco pronunciou nas semanas passadas durante uma audi\u00eancia geral na Pra\u00e7a S\u00e3o Pedro, quando ele dedicou o tema de sua catequese \u00e0 pobreza e a miseric\u00f3rdia e que deve sacudir a nossa consci\u00eancia. A frase foi o cora\u00e7\u00e3o de sua reflex\u00e3o, que partiu da par\u00e1bola evang\u00e9lica do pobre L\u00e1zaro e do rico opulento.<\/p>\n<p style=\"text-align: justify;\"><a href=\"http:\/\/media02.radiovaticana.va\/audio\/audio2\/mp3\/00536845.mp3\">Clique para ouvir.<\/a><\/p>\n<p>Condi\u00e7\u00f5es de vida opostas em tudo \u2013 a do rico e a do pobre -, e que jamais se tocaram, apesar de L\u00e1zaro viver \u00e0s portas da casa do opulento. Uma par\u00e1bola de 2 mil anos atr\u00e1s, mas de uma atualidade impressionante. Basta olhar ao nosso redor para notar os novos L\u00e1zaros que batem \u00e0s portas dos novos ricos.<\/p>\n<p>Uma imagem atual: os refugiados que batem \u00e0s portas da velha Europa. Muitas dessas portas ainda continuam fechadas.<\/p>\n<p>Podemos conhecer toda a B\u00edblia, toda a teologia, mas o amor&#8230; vai por outro caminho nos recorda Francisco! Diante do sofrimento de tanta gente que padece fome, viol\u00eancia e injusti\u00e7as, n\u00e3o podemos ser meros espectadores. \u201cIgnorar o sofrimento do homem significa ignorar Deus!\u201d. A compaix\u00e3o, o amor, n\u00e3o \u00e9 um sentimento vago, mas significa cuidar do outro, comprometer-se, identificar-se com ele. <\/p>\n<p>Como o tema \u00e9 de grande atualidade, Francisco durante uma das suas homilias na Santa Missa na capela da Casa Santa Marta, comentando a leitura do dia, extra\u00edda da carta de S\u00e3o Tiago fez uma forte advert\u00eancia aos ricos que acumulam dinheiro explorando as pessoas. \u201cAs riquezas em si mesmas s\u00e3o boas \u2013 disse -, mas s\u00e3o \u201crelativas, n\u00e3o uma coisa absoluta.\u201d<\/p>\n<p style=\"text-align: justify;\">De fato, erra quem segue a chamada \u201cteologia da prosperidade\u201d, segundo a qual \u201cDeus mostra que voc\u00ea \u00e9 justo se lhe d\u00e1 tantas riquezas\u201d. O problema \u00e9 n\u00e3o apegar o cora\u00e7\u00e3o \u00e0s riquezas, porque \u2013 recordou \u2013 \u201cn\u00e3o se pode servir Deus e as riquezas\u201d.<\/p>\n<p style=\"text-align: justify;\">Francisco vai mais al\u00e9m e toca a tecla da explora\u00e7\u00e3o do pr\u00f3ximo, explora\u00e7\u00e3o que torna algu\u00e9m rico e muitos escravos. Quem faz isso, disse Francisco num tom sem equ\u00edvocos, \u201cs\u00e3o verdadeiras sanguessugas\u201d e vivem do sangue que jorra das pessoas transformadas em escravos do trabalho.<\/p>\n<p>Dura advert\u00eancia a um mundo em que v\u00ea a pessoa como objeto e n\u00e3o mais como sujeito. Mundo que gira ao redor de um ego\u00edsmo insaci\u00e1vel \u201cdescartando\u201d quem n\u00e3o produz, e que explora aquele que pode \u201cdar mais\u201d. O sangue de toda esta gente que voc\u00eas sugaram \u201c\u00e9 clamor ao Senhor, \u00e9 um grito de justi\u00e7a. A explora\u00e7\u00e3o das pessoas hoje \u00e9 uma verdadeira escravid\u00e3o\u201d, diz o Papa.<\/p>\n<p>Francisco afirma que pens\u00e1vamos que os escravos n\u00e3o existissem mais, mas eles existem. As pessoas n\u00e3o s\u00e3o mais buscadas na \u00c1frica para serem vendidas na Am\u00e9rica, elas est\u00e3o em nossas cidades.<\/p>\n<p>Recordando que a morte, mais cedo ou mais tarde tocar\u00e1 a todos, pobres e ricos, o Sucessor de Pedro recorda que \u201cningu\u00e9m pode levar consigo as pr\u00f3prias riquezas\u201d. A mortalha n\u00e3o tem bolsos.<\/p>\n<p>Devemos perceber o pr\u00f3ximo que est\u00e1 ao nosso lado, \u00e0 nossa porta, esperando para ser visto e ajudado. O pior da nossa exist\u00eancia \u00e9 n\u00e3o perceber isso; explorar e deixar o outro morrer a m\u00edngua, de fome, tamb\u00e9m com um trabalho mal remunerado! \u201c\u00c9 viver do sangue das pessoas\u201d.<\/p>\n<p>Pensemos neste drama de hoje: a explora\u00e7\u00e3o das pessoas, o sangue das pessoas que se tornam escravas, os traficantes de seres humanos e n\u00e3o somente aqueles que traficam prostitutas e crian\u00e7as para o trabalho infantil, mas aquele tr\u00e1fico mais \u2018civilizado\u2019 que explora o trabalho do outro sem dar nenhuma condi\u00e7\u00e3o de que ele possa ter uma vida digna.<\/p>\n<p>Francisco insiste no fato de que devemos abrir o nosso cora\u00e7\u00e3o \u00e0 Palavra de Deus, que nos chama a amar o pr\u00f3ximo. A Palavra de Deus pode ressuscitar um cora\u00e7\u00e3o \u00e1rido e cur\u00e1-lo de sua cegueira. Nenhum mensageiro e nenhuma mensagem podem substituir os pobres que encontramos no caminho, \u201cporque neles est\u00e1 Jesus que vem ao nosso encontro\u201d.<\/p>\n<p>Para concluir, uma frase lapid\u00e1ria de Francisco para refletir e viver: \u201c\u00c9 mais importante um copo de \u00e1gua em nome de Cristo que todas as riquezas acumuladas com a explora\u00e7\u00e3o das pessoas\u201d. (Silvonei Jos\u00e9)<\/p>\n<p style=\"text-align: justify;\">\u00a0<\/p>\n<p style=\"text-align: justify;\">Fonte: R\u00e1dio Vaticano<\/p>\n","protected":false},"excerpt":{"rendered":"<p>\u201cIgnorar o pobre \u00e9 desprezar Deus\u201d: uma frase que o Papa Francisco pronunciou nas semanas passadas durante uma audi\u00eancia geral na Pra\u00e7a S\u00e3o Pedro, quando ele dedicou o tema de sua catequese \u00e0 pobreza e a miseric\u00f3rdia e que deve sacudir a nossa consci\u00eancia. A frase foi o cora\u00e7\u00e3o de sua reflex\u00e3o, que partiu da [&hellip;]<\/p>\n","protected":false},"author":1,"featured_media":15852,"comment_status":"open","ping_status":"open","sticky":false,"template":"","format":"standard","meta":{"footnotes":""},"categories":[3],"tags":[],"class_list":["post-15853","post","type-post","status-publish","format-standard","has-post-thumbnail","hentry","category-vaticano"],"_links":{"self":[{"href":"https:\/\/catolicanet.net\/wp-cnet\/wp-json\/wp\/v2\/posts\/15853","targetHints":{"allow":["GET"]}}],"collection":[{"href":"https:\/\/catolicanet.net\/wp-cnet\/wp-json\/wp\/v2\/posts"}],"about":[{"href":"https:\/\/catolicanet.net\/wp-cnet\/wp-json\/wp\/v2\/types\/post"}],"author":[{"embeddable":true,"href":"https:\/\/catolicanet.net\/wp-cnet\/wp-json\/wp\/v2\/users\/1"}],"replies":[{"embeddable":true,"href":"https:\/\/catolicanet.net\/wp-cnet\/wp-json\/wp\/v2\/comments?post=15853"}],"version-history":[{"count":1,"href":"https:\/\/catolicanet.net\/wp-cnet\/wp-json\/wp\/v2\/posts\/15853\/revisions"}],"predecessor-version":[{"id":27902,"href":"https:\/\/catolicanet.net\/wp-cnet\/wp-json\/wp\/v2\/posts\/15853\/revisions\/27902"}],"wp:featuredmedia":[{"embeddable":true,"href":"https:\/\/catolicanet.net\/wp-cnet\/wp-json\/wp\/v2\/media\/15852"}],"wp:attachment":[{"href":"https:\/\/catolicanet.net\/wp-cnet\/wp-json\/wp\/v2\/media?parent=15853"}],"wp:term":[{"taxonomy":"category","embeddable":true,"href":"https:\/\/catolicanet.net\/wp-cnet\/wp-json\/wp\/v2\/categories?post=15853"},{"taxonomy":"post_tag","embeddable":true,"href":"https:\/\/catolicanet.net\/wp-cnet\/wp-json\/wp\/v2\/tags?post=15853"}],"curies":[{"name":"wp","href":"https:\/\/api.w.org\/{rel}","templated":true}]}}