{"id":15851,"date":"2016-07-04T13:24:38","date_gmt":"2016-07-04T16:24:38","guid":{"rendered":"http:\/\/catolicanet.net\/wp-cnet\/2016\/07\/04\/ais-mais-de-6-mil-projetos-financiados-em-140-paises\/"},"modified":"2017-05-29T16:43:26","modified_gmt":"2017-05-29T19:43:26","slug":"ais-mais-de-6-mil-projetos-financiados-em-140-paises","status":"publish","type":"post","link":"https:\/\/catolicanet.net\/wp-cnet\/ais-mais-de-6-mil-projetos-financiados-em-140-paises\/","title":{"rendered":"AIS: mais de 6 mil projetos financiados em 140 pa\u00edses"},"content":{"rendered":"<p style=\"text-align: justify;\"><img decoding=\"async\" src=\"http:\/\/www.catolicanet.com.br\/images\/stories\/noticias\/epa1843659_articolo.jpg\" border=\"0\" align=\"left\" \/>Boas not\u00edcias para Ajuda \u00e0 Igreja que Sofre (AIS): o ano de 2015 registrou o montante mais elevado de coleta de donativos de toda a hist\u00f3ria da Funda\u00e7\u00e3o.<\/p>\n<p style=\"text-align: justify;\"><a href=\"http:\/\/media02.radiovaticana.va\/audio\/audio2\/mp3\/00537930.mp3\">Clique aqui para ouvir.<\/a><\/p>\n<p>Ultrapassando os 124 milh\u00f5es de euros (cerca de 15% a mais em rela\u00e7\u00e3o a 2014), esta verba assegurou o financiamento de 6.209 projetos em mais de 140 pa\u00edses.<\/p>\n<p>\u201cMais verbas recolhidas, mais projetos apoiados. Esta \u00e9 uma cadeia de solidariedade que cresce de ano para ano\u201d, l\u00ea-se no site da institui\u00e7\u00e3o. Em 2015, uma parte substancial da ajuda foi destina a projetos de emerg\u00eancia nos pa\u00edses do M\u00e9dio Oriente e da \u00c1frica, regi\u00f5es onde os crist\u00e3os t\u00eam sido particularmente perseguidos, expulsos e marginalizados.<\/p>\n<p>Em alguns pa\u00edses, como a S\u00edria, por exemplo, essa ajuda triplicou.<\/p>\n<p>Diversidade<\/p>\n<p>Em n\u00edvel mundial, a Funda\u00e7\u00e3o financiou projetos de constru\u00e7\u00e3o ou de reconstru\u00e7\u00e3o de semin\u00e1rios, capelas, igrejas e catedrais, destru\u00eddos por causa da guerra ou de atos terroristas, mas tamb\u00e9m em regi\u00f5es assoladas por calamidades naturais. <\/p>\n<p>O apoio para meios de transporte \u2013 essenciais para o desenvolvimento do trabalho apost\u00f3lico de sacerdotes e religiosas\u2013 voltou a estar no centro das preocupa\u00e7\u00f5es de AIS, com a aquisi\u00e7\u00e3o e distribui\u00e7\u00e3o de centenas de autom\u00f3veis, motos, bicicletas e barcos.<\/p>\n<p>Os recursos angariados foram utilizados tamb\u00e9m no apoio a mais de 11 mil seminaristas, o que significa que esta organiza\u00e7\u00e3o, que depende diretamente da Santa S\u00e9, foi respons\u00e1vel pelo apoio e suporte de um em cada 10 seminaristas em todo o mundo. <\/p>\n<p>Religiosas<\/p>\n<p>Tamb\u00e9m 10.240 irm\u00e3s foram auxiliadas com projetos de forma\u00e7\u00e3o ou de subsist\u00eancia. <\/p>\n<p>Fundada em 1947 pelo Padre Werenfried van Straaten, que se inspirou na mensagem de F\u00e1tima, a Funda\u00e7\u00e3o AIS \u00e9 uma organiza\u00e7\u00e3o dependente da Santa S\u00e9 que tem como objetivo apoiar projetos de cunho pastoral em pa\u00edses onde a Igreja Cat\u00f3lica passa por dificuldades.<\/p>\n<p>No m\u00eas de junho, a Ajuda \u00e0 Igreja que Sofre lan\u00e7ou uma campanha internacional intitulada \u201cSeja a Miseric\u00f3rdia de Deus\u201d, em resposta a um desafio lan\u00e7ado pelo pr\u00f3prio Papa Francisco, que pediu \u201ca todos os homens e mulheres de boa vontade de todo o mundo para que se fa\u00e7a uma obra de miseric\u00f3rdia em cada cidade, em cada diocese, em cada associa\u00e7\u00e3o\u201d.<\/p>\n<p style=\"text-align: justify;\">\u00a0<\/p>\n<p style=\"text-align: justify;\">Fonte: R\u00e1dio Vaticano<\/p>\n","protected":false},"excerpt":{"rendered":"<p>Boas not\u00edcias para Ajuda \u00e0 Igreja que Sofre (AIS): o ano de 2015 registrou o montante mais elevado de coleta de donativos de toda a hist\u00f3ria da Funda\u00e7\u00e3o. Clique aqui para ouvir. Ultrapassando os 124 milh\u00f5es de euros (cerca de 15% a mais em rela\u00e7\u00e3o a 2014), esta verba assegurou o financiamento de 6.209 projetos [&hellip;]<\/p>\n","protected":false},"author":1,"featured_media":15850,"comment_status":"open","ping_status":"open","sticky":false,"template":"","format":"standard","meta":{"footnotes":""},"categories":[4],"tags":[],"class_list":["post-15851","post","type-post","status-publish","format-standard","has-post-thumbnail","hentry","category-cotidiano"],"_links":{"self":[{"href":"https:\/\/catolicanet.net\/wp-cnet\/wp-json\/wp\/v2\/posts\/15851","targetHints":{"allow":["GET"]}}],"collection":[{"href":"https:\/\/catolicanet.net\/wp-cnet\/wp-json\/wp\/v2\/posts"}],"about":[{"href":"https:\/\/catolicanet.net\/wp-cnet\/wp-json\/wp\/v2\/types\/post"}],"author":[{"embeddable":true,"href":"https:\/\/catolicanet.net\/wp-cnet\/wp-json\/wp\/v2\/users\/1"}],"replies":[{"embeddable":true,"href":"https:\/\/catolicanet.net\/wp-cnet\/wp-json\/wp\/v2\/comments?post=15851"}],"version-history":[{"count":1,"href":"https:\/\/catolicanet.net\/wp-cnet\/wp-json\/wp\/v2\/posts\/15851\/revisions"}],"predecessor-version":[{"id":24296,"href":"https:\/\/catolicanet.net\/wp-cnet\/wp-json\/wp\/v2\/posts\/15851\/revisions\/24296"}],"wp:featuredmedia":[{"embeddable":true,"href":"https:\/\/catolicanet.net\/wp-cnet\/wp-json\/wp\/v2\/media\/15850"}],"wp:attachment":[{"href":"https:\/\/catolicanet.net\/wp-cnet\/wp-json\/wp\/v2\/media?parent=15851"}],"wp:term":[{"taxonomy":"category","embeddable":true,"href":"https:\/\/catolicanet.net\/wp-cnet\/wp-json\/wp\/v2\/categories?post=15851"},{"taxonomy":"post_tag","embeddable":true,"href":"https:\/\/catolicanet.net\/wp-cnet\/wp-json\/wp\/v2\/tags?post=15851"}],"curies":[{"name":"wp","href":"https:\/\/api.w.org\/{rel}","templated":true}]}}