{"id":15841,"date":"2016-07-04T13:03:50","date_gmt":"2016-07-04T16:03:50","guid":{"rendered":"http:\/\/catolicanet.net\/wp-cnet\/2016\/07\/04\/faleceu-dom-irineu-roque-scherer\/"},"modified":"2017-05-26T15:50:38","modified_gmt":"2017-05-26T18:50:38","slug":"faleceu-dom-irineu-roque-scherer","status":"publish","type":"post","link":"https:\/\/catolicanet.net\/wp-cnet\/faleceu-dom-irineu-roque-scherer\/","title":{"rendered":"Faleceu dom Irineu Roque Scherer"},"content":{"rendered":"<p style=\"text-align: justify;\"><img decoding=\"async\" src=\"http:\/\/www.catolicanet.com.br\/images\/stories\/bispos\/domirineuscherer.jpg\" border=\"0\" align=\"left\" \/>Dom Irineu era bispo da diocese de Joinville desde 2007<\/p>\n<p>O bispo da diocese de Joinville (SC), dom Irineu Roque Scherer, foi encontrado morto na manh\u00e3 deste s\u00e1bado, 2 de julho, devido a\u00a0 um infarto fulminante. <\/p>\n<p>Dom Irineu tinha 65 anos e era natural de Cerro Largo (RS). Foi ordenado presb\u00edtero em 7 de janeiro de 1978, em Assis Chateaubriand (PR). Nomeado bispo, em 15 de abril de 1998. Recebeu a ordena\u00e7\u00e3o episcopal em 20 de junho do mesmo ano, em Toledo (PR). Escolheu como lema \u201cA f\u00e9 vence o mundo\u201d (1 Jo 5,4).<\/p>\n<p>O bispo era p\u00f3s-graduado em Hist\u00f3ria da Igreja pela Pontif\u00edcia Universidade Gregoriana, de Roma. De 1998 a 2007 foi bispo de Garanhuns (PE). Foi assessor da Pastoral da Comunica\u00e7\u00e3o e secret\u00e1rio do regional Nordeste 2; assessor da Pastoral Familiar, Pastoral da Comunica\u00e7\u00e3o, Movimentos e Novas Comunidades do regional Sul 4. Foi presidente da Funda\u00e7\u00e3o Dom Jaime de Barros C\u00e2mara. Desde 2007 era bispo de Joinville. <\/p>\n<p>De acordo com informa\u00e7\u00f5es da diocese de Joinville, o vel\u00f3rio de dom Irineu ser\u00e1 na Catedral da cidade a partir das 8h de domingo, 3 de julho. A missa solene ser\u00e1 no mesmo dia, \u00e0s 15, seguida de sepultamento.<\/p>\n<p style=\"text-align: justify;\">\u00a0<\/p>\n<p style=\"text-align: justify;\">Fonte: CNBB<\/p>\n","protected":false},"excerpt":{"rendered":"<p>Dom Irineu era bispo da diocese de Joinville desde 2007 O bispo da diocese de Joinville (SC), dom Irineu Roque Scherer, foi encontrado morto na manh\u00e3 deste s\u00e1bado, 2 de julho, devido a\u00a0 um infarto fulminante. Dom Irineu tinha 65 anos e era natural de Cerro Largo (RS). Foi ordenado presb\u00edtero em 7 de janeiro [&hellip;]<\/p>\n","protected":false},"author":1,"featured_media":15840,"comment_status":"open","ping_status":"open","sticky":false,"template":"","format":"standard","meta":{"footnotes":""},"categories":[7],"tags":[],"class_list":["post-15841","post","type-post","status-publish","format-standard","has-post-thumbnail","hentry","category-cnbb"],"_links":{"self":[{"href":"https:\/\/catolicanet.net\/wp-cnet\/wp-json\/wp\/v2\/posts\/15841","targetHints":{"allow":["GET"]}}],"collection":[{"href":"https:\/\/catolicanet.net\/wp-cnet\/wp-json\/wp\/v2\/posts"}],"about":[{"href":"https:\/\/catolicanet.net\/wp-cnet\/wp-json\/wp\/v2\/types\/post"}],"author":[{"embeddable":true,"href":"https:\/\/catolicanet.net\/wp-cnet\/wp-json\/wp\/v2\/users\/1"}],"replies":[{"embeddable":true,"href":"https:\/\/catolicanet.net\/wp-cnet\/wp-json\/wp\/v2\/comments?post=15841"}],"version-history":[{"count":1,"href":"https:\/\/catolicanet.net\/wp-cnet\/wp-json\/wp\/v2\/posts\/15841\/revisions"}],"predecessor-version":[{"id":23591,"href":"https:\/\/catolicanet.net\/wp-cnet\/wp-json\/wp\/v2\/posts\/15841\/revisions\/23591"}],"wp:featuredmedia":[{"embeddable":true,"href":"https:\/\/catolicanet.net\/wp-cnet\/wp-json\/wp\/v2\/media\/15840"}],"wp:attachment":[{"href":"https:\/\/catolicanet.net\/wp-cnet\/wp-json\/wp\/v2\/media?parent=15841"}],"wp:term":[{"taxonomy":"category","embeddable":true,"href":"https:\/\/catolicanet.net\/wp-cnet\/wp-json\/wp\/v2\/categories?post=15841"},{"taxonomy":"post_tag","embeddable":true,"href":"https:\/\/catolicanet.net\/wp-cnet\/wp-json\/wp\/v2\/tags?post=15841"}],"curies":[{"name":"wp","href":"https:\/\/api.w.org\/{rel}","templated":true}]}}