{"id":15839,"date":"2016-07-04T12:49:06","date_gmt":"2016-07-04T15:49:06","guid":{"rendered":"http:\/\/catolicanet.net\/wp-cnet\/2016\/07\/04\/ccm-promove-formacao-missionaria-para-seminaristas-e-presbiteros\/"},"modified":"2017-05-26T15:50:54","modified_gmt":"2017-05-26T18:50:54","slug":"ccm-promove-formacao-missionaria-para-seminaristas-e-presbiteros","status":"publish","type":"post","link":"https:\/\/catolicanet.net\/wp-cnet\/ccm-promove-formacao-missionaria-para-seminaristas-e-presbiteros\/","title":{"rendered":"CCM promove Forma\u00e7\u00e3o Mission\u00e1ria para Seminaristas e Presb\u00edteros"},"content":{"rendered":"<p style=\"text-align: justify;\"><img decoding=\"async\" src=\"http:\/\/www.catolicanet.com.br\/images\/stories\/noticias\/formise_interna.jpg\" border=\"0\" align=\"left\" \/>Evento acontece de 3 a 9 de julho <\/p>\n<p>O Centro Cultural Mission\u00e1rio de Bras\u00edlia (CCM) e as Pontif\u00edcias Obras Mission\u00e1rias (POM) promovem, de 3 a 9 de julho, a oitava edi\u00e7\u00e3o da Forma\u00e7\u00e3o Mission\u00e1ria para Seminaristas e Presb\u00edteros (Formise) Nacional. O evento tem como objetivos aprimorar o estudo da teologia e da espiritualidade da miss\u00e3o, fortalecer a consci\u00eancia mission\u00e1ria dos participantes e orient\u00e1-los a uma pr\u00e1tica evangelizadora sempre mais pr\u00f3xima.<\/p>\n<p>A iniciativa \u00e9 um est\u00edmulo para que aconte\u00e7a uma forma\u00e7\u00e3o mission\u00e1ria mais aprofundada nos semin\u00e1rios do Brasil. Neste sentido, todos os semin\u00e1rios foram convidados a enviar seus representantes para participar do evento. <\/p>\n<p>\u201cAlmejamos que os futuros presb\u00edteros sejam sempre mais capacitados a animar as comunidades a eles confiadas com aut\u00eantico esp\u00edrito mission\u00e1rio\u201d, diz a equipe organizadora.<\/p>\n<p>Para outras informa\u00e7\u00f5es, acesse o site do CCM.<\/p>\n<p>Mission\u00e1rios estrangeiros que atuam no Brasil<\/p>\n<p>Durante os dias 27 de junho a 1 de julho, o CCM tamb\u00e9m promoveu, pela primeira vez, a Semana de Forma\u00e7\u00e3o Mission\u00e1ria Inter Gentes para mission\u00e1rios (as) estrangeiros (as) que atuam no Brasil. O evento teve como objetivo refletir e aprofundar sobre\u00a0 a miss\u00e3o vivida na inser\u00e7\u00e3o e na intera\u00e7\u00e3o junto ao povo brasileiro.<\/p>\n<p>\u201cOs mission\u00e1rios estrangeiros s\u00e3o irm\u00e3os e irm\u00e3s que deixaram sua terra, sua casa, sua fam\u00edlia, para unir-se \u00e0 caminhada da Igreja no Brasil prestando seus servi\u00e7os nas mais variadas frentes. O processo de inser\u00e7\u00e3o na vida do povo e da Igreja de outro contexto sociocultural \u00e9 algo tremendo e fascinante. Neste contexto, o an\u00fancio da Boa Nova acontece n\u00e3o de m\u00e3o \u00fanica, mas na reciprocidade, num &#8220;dar e receber&#8221; que necessita ser reconhecido, valorizado, aprofundado, incentivado\u201d, explicou a equipe organizadora.<br \/>Com informa\u00e7\u00f5es do CCM<\/p>\n<p style=\"text-align: justify;\">\u00a0<\/p>\n<p style=\"text-align: justify;\">Fonte: CNBB<\/p>\n","protected":false},"excerpt":{"rendered":"<p>Evento acontece de 3 a 9 de julho O Centro Cultural Mission\u00e1rio de Bras\u00edlia (CCM) e as Pontif\u00edcias Obras Mission\u00e1rias (POM) promovem, de 3 a 9 de julho, a oitava edi\u00e7\u00e3o da Forma\u00e7\u00e3o Mission\u00e1ria para Seminaristas e Presb\u00edteros (Formise) Nacional. O evento tem como objetivos aprimorar o estudo da teologia e da espiritualidade da miss\u00e3o, [&hellip;]<\/p>\n","protected":false},"author":1,"featured_media":15838,"comment_status":"open","ping_status":"open","sticky":false,"template":"","format":"standard","meta":{"footnotes":""},"categories":[7],"tags":[],"class_list":["post-15839","post","type-post","status-publish","format-standard","has-post-thumbnail","hentry","category-cnbb"],"_links":{"self":[{"href":"https:\/\/catolicanet.net\/wp-cnet\/wp-json\/wp\/v2\/posts\/15839","targetHints":{"allow":["GET"]}}],"collection":[{"href":"https:\/\/catolicanet.net\/wp-cnet\/wp-json\/wp\/v2\/posts"}],"about":[{"href":"https:\/\/catolicanet.net\/wp-cnet\/wp-json\/wp\/v2\/types\/post"}],"author":[{"embeddable":true,"href":"https:\/\/catolicanet.net\/wp-cnet\/wp-json\/wp\/v2\/users\/1"}],"replies":[{"embeddable":true,"href":"https:\/\/catolicanet.net\/wp-cnet\/wp-json\/wp\/v2\/comments?post=15839"}],"version-history":[{"count":1,"href":"https:\/\/catolicanet.net\/wp-cnet\/wp-json\/wp\/v2\/posts\/15839\/revisions"}],"predecessor-version":[{"id":23592,"href":"https:\/\/catolicanet.net\/wp-cnet\/wp-json\/wp\/v2\/posts\/15839\/revisions\/23592"}],"wp:featuredmedia":[{"embeddable":true,"href":"https:\/\/catolicanet.net\/wp-cnet\/wp-json\/wp\/v2\/media\/15838"}],"wp:attachment":[{"href":"https:\/\/catolicanet.net\/wp-cnet\/wp-json\/wp\/v2\/media?parent=15839"}],"wp:term":[{"taxonomy":"category","embeddable":true,"href":"https:\/\/catolicanet.net\/wp-cnet\/wp-json\/wp\/v2\/categories?post=15839"},{"taxonomy":"post_tag","embeddable":true,"href":"https:\/\/catolicanet.net\/wp-cnet\/wp-json\/wp\/v2\/tags?post=15839"}],"curies":[{"name":"wp","href":"https:\/\/api.w.org\/{rel}","templated":true}]}}