{"id":15784,"date":"2016-06-30T17:42:49","date_gmt":"2016-06-30T20:42:49","guid":{"rendered":"http:\/\/catolicanet.net\/wp-cnet\/2016\/06\/30\/exposicao-sobre-madre-teresa-de-calcuta-em-sao-paulo-sp\/"},"modified":"2017-05-31T10:11:32","modified_gmt":"2017-05-31T13:11:32","slug":"exposicao-sobre-madre-teresa-de-calcuta-em-sao-paulo-sp","status":"publish","type":"post","link":"https:\/\/catolicanet.net\/wp-cnet\/exposicao-sobre-madre-teresa-de-calcuta-em-sao-paulo-sp\/","title":{"rendered":"Exposi\u00e7\u00e3o sobre Madre Teresa de Calcut\u00e1 em S\u00e3o Paulo-SP"},"content":{"rendered":"<p style=\"text-align: justify;\"><img decoding=\"async\" src=\"http:\/\/www.catolicanet.com.br\/images\/stories\/noticias\/madre_teresa_exposicao.jpg\" border=\"0\" align=\"left\" \/>No pr\u00f3ximo domingo, dia 3 de julho, acontece a abertura da Exposi\u00e7\u00e3o Madre Teresa: vida e obras. A missa de abertura ser\u00e1 \u00e0s 10h30, seguida da b\u00ean\u00e7\u00e3o \u00e0s 11h30.<br \/>A exposi\u00e7\u00e3o \u00e9 organizada pela C\u00e1ritas Arquidiocesana de S\u00e3o Paulo, e quer levar o visitante a refletir e conhecer melhor a vida e as obras da mais nova santa da Igreja Cat\u00f3lica. A canoniza\u00e7\u00e3o de Madre Teresa acontecer\u00e1 no dia 4 de setembro deste ano, no Vaticano.<\/p>\n<p>Anteriormente a exposi\u00e7\u00e3o j\u00e1 havia passado por pa\u00edses como Espanha, Inglaterra e Estados Unidos, at\u00e9 chegar em S\u00e3o Paulo. Os franciscanos respons\u00e1veis pelo Santu\u00e1rio, abriram seu convento a poucos dias para as pessoas em situa\u00e7\u00e3o de rua, e agora acolhem a exposi\u00e7\u00e3o de Madre Teresa que dedicou toda sua vida aos mais pobres.<\/p>\n<p>A exposi\u00e7\u00e3o conta com objetos pessoais de Madre Teresa, documentos, fotografias, o sari (roupa t\u00edpica indiana adotada por ela), uma r\u00e9plica do seu quarto em Calcut\u00e1 e uma imagem em tamanho natural.<br \/>A exposi\u00e7\u00e3o ficar\u00e1 aberta diariamente at\u00e9 o dia 31 de julho e tem entrada gratuita.<\/p>\n<p>Servi\u00e7o:<br \/>Santu\u00e1rio e Convento S\u00e3o Francisco<br \/>Largo S\u00e3o Francisco, 133, S\u00e9, S\u00e3o Paulo, SP<br \/>CEP: 01009-972<br \/>(11) 3291-2400<br \/>www.conventosaofrancisco.com.br<\/p>\n<p>Exposi\u00e7\u00e3o Madre Teresa: vida e obras<br \/>De ter\u00e7a a s\u00e1bado das 9h \u00e0s 17h;<br \/>Domingo das 8h \u00e0s 12h;<br \/>Entrada Gratuita<\/p>\n<p style=\"text-align: justify;\">\u00a0<\/p>\n<p style=\"text-align: justify;\">Fonte: Jovens Conectados<\/p>\n","protected":false},"excerpt":{"rendered":"<p>No pr\u00f3ximo domingo, dia 3 de julho, acontece a abertura da Exposi\u00e7\u00e3o Madre Teresa: vida e obras. A missa de abertura ser\u00e1 \u00e0s 10h30, seguida da b\u00ean\u00e7\u00e3o \u00e0s 11h30.A exposi\u00e7\u00e3o \u00e9 organizada pela C\u00e1ritas Arquidiocesana de S\u00e3o Paulo, e quer levar o visitante a refletir e conhecer melhor a vida e as obras da mais [&hellip;]<\/p>\n","protected":false},"author":1,"featured_media":15783,"comment_status":"open","ping_status":"open","sticky":false,"template":"","format":"standard","meta":{"footnotes":""},"categories":[4],"tags":[],"class_list":["post-15784","post","type-post","status-publish","format-standard","has-post-thumbnail","hentry","category-cotidiano"],"_links":{"self":[{"href":"https:\/\/catolicanet.net\/wp-cnet\/wp-json\/wp\/v2\/posts\/15784","targetHints":{"allow":["GET"]}}],"collection":[{"href":"https:\/\/catolicanet.net\/wp-cnet\/wp-json\/wp\/v2\/posts"}],"about":[{"href":"https:\/\/catolicanet.net\/wp-cnet\/wp-json\/wp\/v2\/types\/post"}],"author":[{"embeddable":true,"href":"https:\/\/catolicanet.net\/wp-cnet\/wp-json\/wp\/v2\/users\/1"}],"replies":[{"embeddable":true,"href":"https:\/\/catolicanet.net\/wp-cnet\/wp-json\/wp\/v2\/comments?post=15784"}],"version-history":[{"count":1,"href":"https:\/\/catolicanet.net\/wp-cnet\/wp-json\/wp\/v2\/posts\/15784\/revisions"}],"predecessor-version":[{"id":25675,"href":"https:\/\/catolicanet.net\/wp-cnet\/wp-json\/wp\/v2\/posts\/15784\/revisions\/25675"}],"wp:featuredmedia":[{"embeddable":true,"href":"https:\/\/catolicanet.net\/wp-cnet\/wp-json\/wp\/v2\/media\/15783"}],"wp:attachment":[{"href":"https:\/\/catolicanet.net\/wp-cnet\/wp-json\/wp\/v2\/media?parent=15784"}],"wp:term":[{"taxonomy":"category","embeddable":true,"href":"https:\/\/catolicanet.net\/wp-cnet\/wp-json\/wp\/v2\/categories?post=15784"},{"taxonomy":"post_tag","embeddable":true,"href":"https:\/\/catolicanet.net\/wp-cnet\/wp-json\/wp\/v2\/tags?post=15784"}],"curies":[{"name":"wp","href":"https:\/\/api.w.org\/{rel}","templated":true}]}}