{"id":15782,"date":"2016-06-30T17:38:35","date_gmt":"2016-06-30T20:38:35","guid":{"rendered":"http:\/\/catolicanet.net\/wp-cnet\/2016\/06\/30\/livro-reflete-significado-da-imagem-e-mensagem-de-aparecida\/"},"modified":"2017-05-31T10:11:33","modified_gmt":"2017-05-31T13:11:33","slug":"livro-reflete-significado-da-imagem-e-mensagem-de-aparecida","status":"publish","type":"post","link":"https:\/\/catolicanet.net\/wp-cnet\/livro-reflete-significado-da-imagem-e-mensagem-de-aparecida\/","title":{"rendered":"Livro reflete significado da Imagem e mensagem de Aparecida"},"content":{"rendered":"<p style=\"text-align: justify;\"><img decoding=\"async\" src=\"http:\/\/www.catolicanet.com.br\/images\/stories\/noticias\/aparecida.jpg\" border=\"0\" align=\"left\" \/>Publica\u00e7\u00e3o ser\u00e1 lan\u00e7ada no pr\u00f3ximo dia 1\u00ba<\/p>\n<p>A Editora Paulus lan\u00e7a no pr\u00f3ximo dia 1\u00ba de julho o livro: &#8220;Iconografia de Aparecida &#8211; teologia da Imagem&#8221;. A produ\u00e7\u00e3o traz um resumo de todo o conte\u00fado abordado durante o IX Congresso Mariol\u00f3gico, realizado pela Academia Marial em setembro de 2015, em Aparecida.<\/p>\n<p>O lan\u00e7amento acontecer\u00e1 na livraria Paulus, localizada no Centro de Apoio ao Romeiro, p\u00e1tio da Bas\u00edlica de Aparecida, na Asa Norte, a partir das 17h.<\/p>\n<p>Segundo padre Valdivino Guimar\u00e3es, diretor da Academia Marial e organizador da publica\u00e7\u00e3o, a obra \u00e9 fruto da reflex\u00e3o e profunda pesquisa sobre o tema da iconografia de Nossa Senhora Aparecida.<\/p>\n<p>&#8220;Atrav\u00e9s da contribui\u00e7\u00e3o de te\u00f3logos, historiadores e especialistas em arte sacra, podemos compreender a teologia da imagem de Maria, numa abordagem b\u00edblica, teol\u00f3gica e pastoral, partindo da imagem de Aparecida e de sua mensagem para a caminhada de f\u00e9 da Igreja&#8221;, explica.<\/p>\n<p>O livro, cujo pref\u00e1cio foi escrito pelo Cardeal Arcebispo de Aparecida, Dom Raymundo Damasceno Assis, traz textos de padre Osmar Cavaca, Irm\u00e3 Lina Boff, Padre Zezinho, Cl\u00e1udio Pastro, Irm\u00e3o Afonso Murad e Maria In\u00eas Lopes Coutinho.<\/p>\n<p>Os cap\u00edtulos dos livros trazem assuntos diversos relacionados ao tema da Iconografia. O cap\u00edtulo 1 traz reflex\u00f5es sobre o di\u00e1logo entre antropologia da linguagem visual e a teologia. O cap\u00edtulo 2 aborda o tema imagem da mulher na b\u00edblia, com um anexo sobre a catequese das imagens. J\u00e1 o cap\u00edtulo 3, escrito pelo artista sacro Cl\u00e1udio Pastro, discorre sobre os aspectos da linguagem nos \u00e2mbitos humano e divino da Imagem. O cap\u00edtulo 4 faz uma introdu\u00e7\u00e3o \u00e0 teologia da Imagem.<\/p>\n<p>O \u00faltimo cap\u00edtulo traz um descritivo sobre o sentido hist\u00f3rico, estil\u00edstico e atribui\u00e7\u00f5es de autoria da imagem de Nossa Senhora Aparecida encontrada no Rio Para\u00edba do Sul, bem como estudos t\u00e9cnicos comparativos com obras do acervo do Museu de Arte Sacra de S\u00e3o Paulo.<\/p>\n<p>O livro deve se tornar leitura obrigat\u00f3ria \u00e0queles que se propuserem aos estudos no \u00e2mbito da Mariologia.<\/p>\n<p><\/p>\n<p style=\"text-align: justify;\">Fonte: Santu\u00e1rio Nacional Aparecida<\/p>\n","protected":false},"excerpt":{"rendered":"<p>Publica\u00e7\u00e3o ser\u00e1 lan\u00e7ada no pr\u00f3ximo dia 1\u00ba A Editora Paulus lan\u00e7a no pr\u00f3ximo dia 1\u00ba de julho o livro: &#8220;Iconografia de Aparecida &#8211; teologia da Imagem&#8221;. A produ\u00e7\u00e3o traz um resumo de todo o conte\u00fado abordado durante o IX Congresso Mariol\u00f3gico, realizado pela Academia Marial em setembro de 2015, em Aparecida. O lan\u00e7amento acontecer\u00e1 na [&hellip;]<\/p>\n","protected":false},"author":1,"featured_media":15781,"comment_status":"open","ping_status":"open","sticky":false,"template":"","format":"standard","meta":{"footnotes":""},"categories":[4],"tags":[],"class_list":["post-15782","post","type-post","status-publish","format-standard","has-post-thumbnail","hentry","category-cotidiano"],"_links":{"self":[{"href":"https:\/\/catolicanet.net\/wp-cnet\/wp-json\/wp\/v2\/posts\/15782","targetHints":{"allow":["GET"]}}],"collection":[{"href":"https:\/\/catolicanet.net\/wp-cnet\/wp-json\/wp\/v2\/posts"}],"about":[{"href":"https:\/\/catolicanet.net\/wp-cnet\/wp-json\/wp\/v2\/types\/post"}],"author":[{"embeddable":true,"href":"https:\/\/catolicanet.net\/wp-cnet\/wp-json\/wp\/v2\/users\/1"}],"replies":[{"embeddable":true,"href":"https:\/\/catolicanet.net\/wp-cnet\/wp-json\/wp\/v2\/comments?post=15782"}],"version-history":[{"count":1,"href":"https:\/\/catolicanet.net\/wp-cnet\/wp-json\/wp\/v2\/posts\/15782\/revisions"}],"predecessor-version":[{"id":25676,"href":"https:\/\/catolicanet.net\/wp-cnet\/wp-json\/wp\/v2\/posts\/15782\/revisions\/25676"}],"wp:featuredmedia":[{"embeddable":true,"href":"https:\/\/catolicanet.net\/wp-cnet\/wp-json\/wp\/v2\/media\/15781"}],"wp:attachment":[{"href":"https:\/\/catolicanet.net\/wp-cnet\/wp-json\/wp\/v2\/media?parent=15782"}],"wp:term":[{"taxonomy":"category","embeddable":true,"href":"https:\/\/catolicanet.net\/wp-cnet\/wp-json\/wp\/v2\/categories?post=15782"},{"taxonomy":"post_tag","embeddable":true,"href":"https:\/\/catolicanet.net\/wp-cnet\/wp-json\/wp\/v2\/tags?post=15782"}],"curies":[{"name":"wp","href":"https:\/\/api.w.org\/{rel}","templated":true}]}}