{"id":15778,"date":"2016-06-30T17:13:40","date_gmt":"2016-06-30T20:13:40","guid":{"rendered":"http:\/\/catolicanet.net\/wp-cnet\/2016\/06\/30\/o-significado-do-palio-para-os-arcebispos-brasileiros\/"},"modified":"2017-06-02T11:32:03","modified_gmt":"2017-06-02T14:32:03","slug":"o-significado-do-palio-para-os-arcebispos-brasileiros","status":"publish","type":"post","link":"https:\/\/catolicanet.net\/wp-cnet\/o-significado-do-palio-para-os-arcebispos-brasileiros\/","title":{"rendered":"O significado do p\u00e1lio para os Arcebispos brasileiros"},"content":{"rendered":"<p style=\"text-align: justify;\"><img decoding=\"async\" src=\"http:\/\/www.catolicanet.com.br\/images\/stories\/papas\/ossrom127532_articolo.jpg\" border=\"0\" align=\"left\" \/>\u201cA ora\u00e7\u00e3o \u00e9 sempre a via de sa\u00edda dos nossos fechamentos pessoais e comunit\u00e1rios\u201d: foi o que disse o Papa Francisco na missa celebrada na Solenidade dos Ap\u00f3stolos Pedro e Paulo \u2013 diante dos novos Arcebispos que receberam o p\u00e1lio.<\/p>\n<p>Do Brasil, quatro Arquidioceses foram contempladas: Porto Velho (Rond\u00f4nia), Feira de Santana (Bahia), Passo Fundo (Rio Grande do Sul) e Diamantina (Minas Gerais).<\/p>\n<p>Em entrevista \u00e0 R\u00e1dio Vaticano, os Arcebispos Zanoni Castro, Rodolfo Weber e Darci Jos\u00e9 Nicioli comentam as palavras do Santo Padre e contam como viveram este momento de comunh\u00e3o com o Papa Francisco.<\/p>\n<p style=\"text-align: justify;\"><a href=\"http:\/\/media02.radiovaticana.va\/audio\/audio2\/mp3\/00537368.mp3\">Ou\u00e7a aqui:<\/a><\/p>\n<p style=\"text-align: justify;\">\u00a0<\/p>\n<p style=\"text-align: justify;\">Fonte: R\u00e1dio Vaticano<\/p>\n","protected":false},"excerpt":{"rendered":"<p>\u201cA ora\u00e7\u00e3o \u00e9 sempre a via de sa\u00edda dos nossos fechamentos pessoais e comunit\u00e1rios\u201d: foi o que disse o Papa Francisco na missa celebrada na Solenidade dos Ap\u00f3stolos Pedro e Paulo \u2013 diante dos novos Arcebispos que receberam o p\u00e1lio. Do Brasil, quatro Arquidioceses foram contempladas: Porto Velho (Rond\u00f4nia), Feira de Santana (Bahia), Passo Fundo [&hellip;]<\/p>\n","protected":false},"author":1,"featured_media":15777,"comment_status":"open","ping_status":"open","sticky":false,"template":"","format":"standard","meta":{"footnotes":""},"categories":[3],"tags":[],"class_list":["post-15778","post","type-post","status-publish","format-standard","has-post-thumbnail","hentry","category-vaticano"],"_links":{"self":[{"href":"https:\/\/catolicanet.net\/wp-cnet\/wp-json\/wp\/v2\/posts\/15778","targetHints":{"allow":["GET"]}}],"collection":[{"href":"https:\/\/catolicanet.net\/wp-cnet\/wp-json\/wp\/v2\/posts"}],"about":[{"href":"https:\/\/catolicanet.net\/wp-cnet\/wp-json\/wp\/v2\/types\/post"}],"author":[{"embeddable":true,"href":"https:\/\/catolicanet.net\/wp-cnet\/wp-json\/wp\/v2\/users\/1"}],"replies":[{"embeddable":true,"href":"https:\/\/catolicanet.net\/wp-cnet\/wp-json\/wp\/v2\/comments?post=15778"}],"version-history":[{"count":1,"href":"https:\/\/catolicanet.net\/wp-cnet\/wp-json\/wp\/v2\/posts\/15778\/revisions"}],"predecessor-version":[{"id":28224,"href":"https:\/\/catolicanet.net\/wp-cnet\/wp-json\/wp\/v2\/posts\/15778\/revisions\/28224"}],"wp:featuredmedia":[{"embeddable":true,"href":"https:\/\/catolicanet.net\/wp-cnet\/wp-json\/wp\/v2\/media\/15777"}],"wp:attachment":[{"href":"https:\/\/catolicanet.net\/wp-cnet\/wp-json\/wp\/v2\/media?parent=15778"}],"wp:term":[{"taxonomy":"category","embeddable":true,"href":"https:\/\/catolicanet.net\/wp-cnet\/wp-json\/wp\/v2\/categories?post=15778"},{"taxonomy":"post_tag","embeddable":true,"href":"https:\/\/catolicanet.net\/wp-cnet\/wp-json\/wp\/v2\/tags?post=15778"}],"curies":[{"name":"wp","href":"https:\/\/api.w.org\/{rel}","templated":true}]}}