{"id":15776,"date":"2016-06-30T17:09:36","date_gmt":"2016-06-30T20:09:36","guid":{"rendered":"http:\/\/catolicanet.net\/wp-cnet\/2016\/06\/30\/cor-unum-curso-de-formacao-sobre-ajuda-humanitaria-no-oriente-medio\/"},"modified":"2017-05-29T16:43:51","modified_gmt":"2017-05-29T19:43:51","slug":"cor-unum-curso-de-formacao-sobre-ajuda-humanitaria-no-oriente-medio","status":"publish","type":"post","link":"https:\/\/catolicanet.net\/wp-cnet\/cor-unum-curso-de-formacao-sobre-ajuda-humanitaria-no-oriente-medio\/","title":{"rendered":"Cor Unum: curso de forma\u00e7\u00e3o sobre ajuda humanit\u00e1ria no Oriente M\u00e9dio"},"content":{"rendered":"<p style=\"text-align: justify;\"><img decoding=\"async\" src=\"http:\/\/www.catolicanet.com.br\/images\/stories\/noticias\/epa1969540_articolo.jpg\" border=\"0\" align=\"left\" \/>Teve in\u00edcio nesta quarta-feira (29\/06), em Beirute, no L\u00edbano, e prossegue at\u00e9 2 de julho, um curso de forma\u00e7\u00e3o para os agentes diocesanos na S\u00edria, engajados no servi\u00e7o caritativo no \u00e2mbito da crise humanit\u00e1ria s\u00edria.<\/p>\n<p>Este percurso de forma\u00e7\u00e3o \u00e9 promovido pelo Pontif\u00edcio Conselho Cor Unum com a colabora\u00e7\u00e3o de tr\u00eas organismos cat\u00f3licos caritativos: a Catholic Relief Service (CRS), Aid to the Church in Need (ACN) e Missio.<\/p>\n<p>Participam 11 bispos, representantes de institutos religiosos masculinos e femininos, e pessoas comprometidas com a atividade caritativa na S\u00edria, provenientes de v\u00e1rias dioceses. O Cor Unum est\u00e1 representando pelo secret\u00e1rio desse organismo vaticano,\u00a0 Dom Giampietro Dal Toso, e tamb\u00e9m est\u00e1 presente o N\u00fancio Apost\u00f3lico na S\u00edria, Dom Mario Zenari, que acompanha os trabalhos. <\/p>\n<p>A iniciativa nasceu de uma exig\u00eancia manifestada pelos\u00a0 representantes de organismos caritativos e bispos durante a terceira reuni\u00e3o sobre a crise humanit\u00e1ria na S\u00edria, Iraque e pa\u00edses lim\u00edtrofes, organizada pelo Cor Unum em 17 de setembro de 2015. <\/p>\n<p>O objetivo das sess\u00f5es de trabalho, no L\u00edbano, \u00e9 o de aprofundar os elementos de base para a predisposi\u00e7\u00e3o de projetos implementados pelos organismos caritativos e pelas dioceses desses pa\u00edses, engajados na ajuda humanit\u00e1ria no contexto da crise no Oriente M\u00e9dio. <\/p>\n<p>O programa prev\u00ea forma\u00e7\u00e3o teol\u00f3gica e encontros espec\u00edficos para bispos e religiosos. Os dias 1\u00ba e 2 de julho ser\u00e3o concentrados nos aspectos de capacita\u00e7\u00e3o e gerenciamento de projetos, e na an\u00e1lise das fases de realiza\u00e7\u00e3o de projetos: programa\u00e7\u00e3o, planifica\u00e7\u00e3o, implementa\u00e7\u00e3o, conclus\u00e3o e presta\u00e7\u00e3o de contas. <\/p>\n<p>A crise na S\u00edria, Iraque e pa\u00edses lim\u00edtrofes continua sendo o centro das preocupa\u00e7\u00f5es da Santa S\u00e9 por causa da gravidade que se produziu depois da guerra. Segundo dados dispon\u00edveis, desde 2011, o conflito na S\u00edria provocou 400 mil v\u00edtimas e 2 milh\u00f5es de feridos. Atualmente, s\u00e3o mais de 12 milh\u00f5es as pessoas que precisam de ajuda na S\u00edria e mais de 8 milh\u00f5es no Iraque. Os refugiados internos s\u00e3o mais de 6 milh\u00f5es na S\u00edria e mais de 3 milh\u00f5es no Iraque, e pelo menos 4 milh\u00f5es s\u00e3o os refugiados s\u00edrios em todo o Oriente M\u00e9dio: em particular, 1 milh\u00e3o e 900 mil na Turquia, 1 milh\u00e3o e 100 mil no L\u00edbano, e mais de 600 mil na Jord\u00e2nia.<\/p>\n<p style=\"text-align: justify;\">\u00a0<\/p>\n<p style=\"text-align: justify;\">Fonte: R\u00e1dio Vaticano<\/p>\n","protected":false},"excerpt":{"rendered":"<p>Teve in\u00edcio nesta quarta-feira (29\/06), em Beirute, no L\u00edbano, e prossegue at\u00e9 2 de julho, um curso de forma\u00e7\u00e3o para os agentes diocesanos na S\u00edria, engajados no servi\u00e7o caritativo no \u00e2mbito da crise humanit\u00e1ria s\u00edria. Este percurso de forma\u00e7\u00e3o \u00e9 promovido pelo Pontif\u00edcio Conselho Cor Unum com a colabora\u00e7\u00e3o de tr\u00eas organismos cat\u00f3licos caritativos: a [&hellip;]<\/p>\n","protected":false},"author":1,"featured_media":15775,"comment_status":"open","ping_status":"open","sticky":false,"template":"","format":"standard","meta":{"footnotes":""},"categories":[4],"tags":[],"class_list":["post-15776","post","type-post","status-publish","format-standard","has-post-thumbnail","hentry","category-cotidiano"],"_links":{"self":[{"href":"https:\/\/catolicanet.net\/wp-cnet\/wp-json\/wp\/v2\/posts\/15776","targetHints":{"allow":["GET"]}}],"collection":[{"href":"https:\/\/catolicanet.net\/wp-cnet\/wp-json\/wp\/v2\/posts"}],"about":[{"href":"https:\/\/catolicanet.net\/wp-cnet\/wp-json\/wp\/v2\/types\/post"}],"author":[{"embeddable":true,"href":"https:\/\/catolicanet.net\/wp-cnet\/wp-json\/wp\/v2\/users\/1"}],"replies":[{"embeddable":true,"href":"https:\/\/catolicanet.net\/wp-cnet\/wp-json\/wp\/v2\/comments?post=15776"}],"version-history":[{"count":1,"href":"https:\/\/catolicanet.net\/wp-cnet\/wp-json\/wp\/v2\/posts\/15776\/revisions"}],"predecessor-version":[{"id":24298,"href":"https:\/\/catolicanet.net\/wp-cnet\/wp-json\/wp\/v2\/posts\/15776\/revisions\/24298"}],"wp:featuredmedia":[{"embeddable":true,"href":"https:\/\/catolicanet.net\/wp-cnet\/wp-json\/wp\/v2\/media\/15775"}],"wp:attachment":[{"href":"https:\/\/catolicanet.net\/wp-cnet\/wp-json\/wp\/v2\/media?parent=15776"}],"wp:term":[{"taxonomy":"category","embeddable":true,"href":"https:\/\/catolicanet.net\/wp-cnet\/wp-json\/wp\/v2\/categories?post=15776"},{"taxonomy":"post_tag","embeddable":true,"href":"https:\/\/catolicanet.net\/wp-cnet\/wp-json\/wp\/v2\/tags?post=15776"}],"curies":[{"name":"wp","href":"https:\/\/api.w.org\/{rel}","templated":true}]}}