{"id":15763,"date":"2016-06-30T12:00:07","date_gmt":"2016-06-30T15:00:07","guid":{"rendered":"http:\/\/catolicanet.net\/wp-cnet\/2016\/06\/30\/arquidiocese-de-sao-paulo-regiao-epicospal-belem-encontro-de-liturgia-e-canto-pastoral\/"},"modified":"2017-05-31T10:11:34","modified_gmt":"2017-05-31T13:11:34","slug":"arquidiocese-de-sao-paulo-regiao-epicospal-belem-encontro-de-liturgia-e-canto-pastoral","status":"publish","type":"post","link":"https:\/\/catolicanet.net\/wp-cnet\/arquidiocese-de-sao-paulo-regiao-epicospal-belem-encontro-de-liturgia-e-canto-pastoral\/","title":{"rendered":"Arquidiocese de S\u00e3o Paulo &#8211; Regi\u00e3o Epicospal Bel\u00e9m Encontro de Liturgia e Canto Pastoral"},"content":{"rendered":"<p style=\"text-align: justify;\"><img decoding=\"async\" src=\"http:\/\/www.catolicanet.com.br\/images\/stories\/noticias\/0001.jpg\" border=\"0\" align=\"left\" \/>Misericordiosos como o Pai! Misericordiosos como Jesus!<\/p>\n<p>Aos P\u00e1rocos, Agentes da Pastoral Lit\u00fargica, Animadores de Canto, Instrumentistas, Salmistas, Equipes de Liturgia e Canto, Catequistas e demais agentes.<\/p>\n<p>\u00c9 com alegria que a Equipe de Liturgia da Regi\u00e3o Bel\u00e9m realizar\u00e1 mais um <br \/> Encontro de Liturgia e Canto Pastoral.<\/p>\n<p>DATA:\u00a0\u00a0\u00a0 \u00a030 e 31 de julho de 2016.<br \/> (Dia 30, s\u00e1bado &#8211; das 8h\u00e0s 18h; dia 31, domingo \u2013 das 8 \u00e0s 17 horas).<br \/>LOCAL:\u00a0\u00a0\u00a0 Centro Pastoral S\u00e3o Jos\u00e9 &#8211; Rua \u00c1lvaro Ramos, 366 (Pr\u00f3ximo ao Metr\u00f4 Bel\u00e9m)<br \/>TAXA:\u00a0\u00a0\u00a0 R$ 25,00 (incluindo a apostila com partitura, cifra e textos) <br \/>CONTATOS:\u00a0\u00a0 Iracema \u2013 Fone (11) 2693-0287(Centro Pastoral S\u00e3o Jos\u00e9)<br \/> Mariza (secret\u00e1ria de Dom Edmar) \u2013 regiaobelem@uol.com.br <br \/> Hideli-Fone\/fax:2293-0128; e-mail:delicavaccini@yahoo.com.br<br \/>OBJETIVOS:<br \/>Celebrar o Ano da Miseric\u00f3rdia; cantar a alegria do evangelho, atrav\u00e9s de Missa e cantos com crian\u00e7as; retomar o tema ecol\u00f3gico da CF; acompanhar a Jornada Mundial da Juventude, em Crac\u00f3via; unir-nos \u00e0 celebra\u00e7\u00e3o do Congresso Eucar\u00edstico Nacional, em Bel\u00e9m; preparar o cora\u00e7\u00e3o para celebrar os 300 anos de Aparecida; continuar aprofundando nossa f\u00e9, atrav\u00e9s da forma\u00e7\u00e3o lit\u00fargica; aprender novo repert\u00f3rio de cantos para a Missa, Partes Fixas, hinos, refr\u00e3os orantes&#8230;; vivenciar o Mist\u00e9rio Pascal de Cristo, atrav\u00e9s da Celebra\u00e7\u00e3o Eucar\u00edstica.<br \/>LIVRARIA:<br \/>Livros sobre Liturgia, Hin\u00e1rio Lit\u00fargico, CDs diversos e o CD do Encontro (R$ 12,00)<br \/>LANCHE\/ \u00c1GUA!<br \/>Pedimos sua especial colabora\u00e7\u00e3o para o nosso lanche comunit\u00e1rio refor\u00e7ado, o que \u00e9 sempre sinal de fraternidade e partilha, momento de comunh\u00e3o entre todos n\u00f3s. Traga sua \u00e1gua!<br \/>INSCRI\u00c7\u00d5ES:<br \/>Fa\u00e7a com anteced\u00eancia sua inscri\u00e7\u00e3o, confirmando participa\u00e7\u00e3o! Vagas limitadas: reserve j\u00e1 a sua, preenchendo a ficha abaixo e enviando-a \u00e0 Equipe. O pagamento pode ser efetuado no dia do encontro. Multiplique a ficha e ajude a divulgar!&#8230;\u00a0 O importante \u00e9 participar! <br \/>Nosso Encontro \u00e9 assessorado por Ir. Miria Therezinha Kolling. Contaremos tamb\u00e9m com a preciosa colabora\u00e7\u00e3o de Irm\u00e3 Id\u00ea Maria Cunha e de toda a Equipe da Regi\u00e3o Bel\u00e9m. Faremos o poss\u00edvel para ter a presen\u00e7a do nosso novo Bispo Regional, Dom Luiz Carlos Dias, ordenado em maio.<br \/>Pedimos que procurem participar em tempo integral, aproveitando a riqueza dessa experi\u00eancia fraterna, lit\u00fargica e musical, na alegria do Senhor, na feliz conviv\u00eancia de irm\u00e3os!<br \/>Portanto, sintam-se CONVOCADOS para esse Encontro de forma\u00e7\u00e3o e canto lit\u00fargico!\u00a0 <br \/>Fortalecidos e iluminados pelo Senhor, queremos conviver e nos alegrar, aprender e aprofundar nosso conhecimento e nossa pr\u00e1tica lit\u00fargica. Ser\u00e1 um tempo de gra\u00e7a para todos. Misericordiosos como o Pai! Misericordiosos como Jesus! <br \/>Obs: Teremos a alegria da presen\u00e7a de nosso novo bispo, DOM LUIZ CARLOS DIAS.<br \/> Equipe de Liturgia da Regi\u00e3o Bel\u00e9m<\/p>\n<p><\/p>\n","protected":false},"excerpt":{"rendered":"<p>Misericordiosos como o Pai! Misericordiosos como Jesus! Aos P\u00e1rocos, Agentes da Pastoral Lit\u00fargica, Animadores de Canto, Instrumentistas, Salmistas, Equipes de Liturgia e Canto, Catequistas e demais agentes. \u00c9 com alegria que a Equipe de Liturgia da Regi\u00e3o Bel\u00e9m realizar\u00e1 mais um Encontro de Liturgia e Canto Pastoral. DATA:\u00a0\u00a0\u00a0 \u00a030 e 31 de julho de 2016. [&hellip;]<\/p>\n","protected":false},"author":1,"featured_media":15762,"comment_status":"open","ping_status":"open","sticky":false,"template":"","format":"standard","meta":{"footnotes":""},"categories":[4],"tags":[],"class_list":["post-15763","post","type-post","status-publish","format-standard","has-post-thumbnail","hentry","category-cotidiano"],"_links":{"self":[{"href":"https:\/\/catolicanet.net\/wp-cnet\/wp-json\/wp\/v2\/posts\/15763","targetHints":{"allow":["GET"]}}],"collection":[{"href":"https:\/\/catolicanet.net\/wp-cnet\/wp-json\/wp\/v2\/posts"}],"about":[{"href":"https:\/\/catolicanet.net\/wp-cnet\/wp-json\/wp\/v2\/types\/post"}],"author":[{"embeddable":true,"href":"https:\/\/catolicanet.net\/wp-cnet\/wp-json\/wp\/v2\/users\/1"}],"replies":[{"embeddable":true,"href":"https:\/\/catolicanet.net\/wp-cnet\/wp-json\/wp\/v2\/comments?post=15763"}],"version-history":[{"count":1,"href":"https:\/\/catolicanet.net\/wp-cnet\/wp-json\/wp\/v2\/posts\/15763\/revisions"}],"predecessor-version":[{"id":25677,"href":"https:\/\/catolicanet.net\/wp-cnet\/wp-json\/wp\/v2\/posts\/15763\/revisions\/25677"}],"wp:featuredmedia":[{"embeddable":true,"href":"https:\/\/catolicanet.net\/wp-cnet\/wp-json\/wp\/v2\/media\/15762"}],"wp:attachment":[{"href":"https:\/\/catolicanet.net\/wp-cnet\/wp-json\/wp\/v2\/media?parent=15763"}],"wp:term":[{"taxonomy":"category","embeddable":true,"href":"https:\/\/catolicanet.net\/wp-cnet\/wp-json\/wp\/v2\/categories?post=15763"},{"taxonomy":"post_tag","embeddable":true,"href":"https:\/\/catolicanet.net\/wp-cnet\/wp-json\/wp\/v2\/tags?post=15763"}],"curies":[{"name":"wp","href":"https:\/\/api.w.org\/{rel}","templated":true}]}}