{"id":15761,"date":"2016-06-30T11:48:27","date_gmt":"2016-06-30T14:48:27","guid":{"rendered":"http:\/\/catolicanet.net\/wp-cnet\/2016\/06\/30\/instituto-gabi-promove-festa-julina-para-manter-atendimentos-de-fono\/"},"modified":"2017-05-31T10:11:34","modified_gmt":"2017-05-31T13:11:34","slug":"instituto-gabi-promove-festa-julina-para-manter-atendimentos-de-fono","status":"publish","type":"post","link":"https:\/\/catolicanet.net\/wp-cnet\/instituto-gabi-promove-festa-julina-para-manter-atendimentos-de-fono\/","title":{"rendered":"Instituto Gabi promove festa julina para manter atendimentos de fono"},"content":{"rendered":"<p style=\"text-align: justify;\"><img decoding=\"async\" src=\"http:\/\/www.catolicanet.com.br\/images\/stories\/noticias\/instituto gabi.jpg\" border=\"0\" align=\"left\" \/>Quadrilha, comidas t\u00edpicas, divers\u00e3o e muita solidariedade marcar\u00e3o o evento, importante para arrecadar fundos para a manuten\u00e7\u00e3o dos atendimentos de fonoaudiologia<\/p>\n<p>O Instituto Gabi, localizado na zona sul de S\u00e3o Paulo, promover\u00e1, no dia 2 de julho, das 11h \u00e0s 17h, sua tradicional Festa Julina. A festan\u00e7a acontecer\u00e1 em sua sede, localizada na rua Gustavo da Silveira, 128, Vila Santa Catarina.<\/p>\n<p>J\u00e1 est\u00e3o programadas a quadrilhas com os atendidos, com as fam\u00edlias e, claro, com os convidados que quiserem juntar-se \u00e0 dan\u00e7a. E, para tornar a tarde ainda mais especial, n\u00e3o faltar\u00e3o del\u00edcias tipicamente juninas.<\/p>\n<p>A renda da Festa Julina j\u00e1 tem uma importante destina\u00e7\u00e3o: ser\u00e1 revertida para manter o atendimento de Fonoaudiologia, essencial para as crian\u00e7as e jovens atendidos. \u201cS\u00f3 temos verba para pagar pelos atendimentos at\u00e9 julho\u201d, alerta o presidente do Gabi, Francisco Sogari, jornalista e professor universit\u00e1rio. \u201cNossa expectativa \u00e9 dar sequ\u00eancia a partir do que angariarmos no evento\u201d.<\/p>\n<p>O Instituto Gabi est\u00e1 comemorando 15 anos de atua\u00e7\u00e3o. \u00c9 uma refer\u00eancia de qualidade em seu campo de atua\u00e7\u00e3o, por meio do N\u00facleo de Apoio \u00e0 Inclus\u00e3o de Pessoas com Defici\u00eancia. O trabalho n\u00e3o envolve, apenas, crian\u00e7as e jovens com defici\u00eancia, mas tamb\u00e9m, suas fam\u00edlias.<\/p>\n<p>Mais sobre o Instituto Gabi e como contribuir<\/p>\n<p>Iracema Sogari atua h\u00e1 mais de 25 anos em educa\u00e7\u00e3o para pessoas com defici\u00eancia e, h\u00e1<br \/>15, fundou o Instituto Gabi com o marido, o jornalista Francisco Sogari, que preside a ong. Durante esses anos, o Instituto Gabi atendeu o m\u00e1ximo de pessoas que o procuravam \u2013 mas, a lista de espera \u00e9 grande.<\/p>\n<p>As crian\u00e7as, adolescentes e jovens atendidos frequentam a casa diariamente, por meio per\u00edodo. Ali, participam de atividades de vida di\u00e1ria e oficinas, complementados pelo atendimento de fonoaudiologia e psicologia. Um assistente social realiza o trabalho com as fam\u00edlias, incluindo projeto de gera\u00e7\u00e3o de renda. O Instituto Gabi entende que a fam\u00edlia \u00e9 o alicerce de onde parte todo o trabalho. \u201cAs pessoas com defici\u00eancia passam quatro horas por dia no nosso atendimento. No restante do dia, est\u00e3o com a fam\u00edlia, da\u00ed a import\u00e2ncia desta c\u00e9lula na vida destas pessoas\u201d, destaca Iracema.<\/p>\n<p>O que sustenta a entidade \u00e9 um conv\u00eanio com a Prefeitura de S\u00e3o Paulo, doa\u00e7\u00f5es particulares e um bazar permanente de roupas e objetos na pr\u00f3pria sede da ong, de onde<br \/>vem o recurso para o pagamento de profissionais e das contas da entidade. Outra estrat\u00e9gia para garantir a sustentabilidade \u00e9 a Campanha S\u00f3cio Patrocinador, por meio<br \/>da qual os interessados recebem um boleto sem valor de cobran\u00e7a, pelo qual podem<br \/>realizar uma doa\u00e7\u00e3o espont\u00e2nea. A partir deste ano, a campanha conta tamb\u00e9m com a op\u00e7\u00e3o S\u00f3cio Patrocinador Master, voltada \u00e0s empresas.<\/p>\n<p>Para participar da campanha S\u00f3cio Patrocinador, S\u00f3cio Patrocinador Master, realizar doa\u00e7\u00f5es diversas e\/ou oferecer trabalho volunt\u00e1rio, deve-se estabelecer contato com o Instituto Gabi, pelo telefone (11) 5564-7709, pelo e-mail contatosinstitutogabi@gmail.com ou consultando o site www.institutogabi.org.br.<\/p>\n","protected":false},"excerpt":{"rendered":"<p>Quadrilha, comidas t\u00edpicas, divers\u00e3o e muita solidariedade marcar\u00e3o o evento, importante para arrecadar fundos para a manuten\u00e7\u00e3o dos atendimentos de fonoaudiologia O Instituto Gabi, localizado na zona sul de S\u00e3o Paulo, promover\u00e1, no dia 2 de julho, das 11h \u00e0s 17h, sua tradicional Festa Julina. A festan\u00e7a acontecer\u00e1 em sua sede, localizada na rua Gustavo [&hellip;]<\/p>\n","protected":false},"author":1,"featured_media":15760,"comment_status":"open","ping_status":"open","sticky":false,"template":"","format":"standard","meta":{"footnotes":""},"categories":[4],"tags":[],"class_list":["post-15761","post","type-post","status-publish","format-standard","has-post-thumbnail","hentry","category-cotidiano"],"_links":{"self":[{"href":"https:\/\/catolicanet.net\/wp-cnet\/wp-json\/wp\/v2\/posts\/15761","targetHints":{"allow":["GET"]}}],"collection":[{"href":"https:\/\/catolicanet.net\/wp-cnet\/wp-json\/wp\/v2\/posts"}],"about":[{"href":"https:\/\/catolicanet.net\/wp-cnet\/wp-json\/wp\/v2\/types\/post"}],"author":[{"embeddable":true,"href":"https:\/\/catolicanet.net\/wp-cnet\/wp-json\/wp\/v2\/users\/1"}],"replies":[{"embeddable":true,"href":"https:\/\/catolicanet.net\/wp-cnet\/wp-json\/wp\/v2\/comments?post=15761"}],"version-history":[{"count":1,"href":"https:\/\/catolicanet.net\/wp-cnet\/wp-json\/wp\/v2\/posts\/15761\/revisions"}],"predecessor-version":[{"id":25678,"href":"https:\/\/catolicanet.net\/wp-cnet\/wp-json\/wp\/v2\/posts\/15761\/revisions\/25678"}],"wp:featuredmedia":[{"embeddable":true,"href":"https:\/\/catolicanet.net\/wp-cnet\/wp-json\/wp\/v2\/media\/15760"}],"wp:attachment":[{"href":"https:\/\/catolicanet.net\/wp-cnet\/wp-json\/wp\/v2\/media?parent=15761"}],"wp:term":[{"taxonomy":"category","embeddable":true,"href":"https:\/\/catolicanet.net\/wp-cnet\/wp-json\/wp\/v2\/categories?post=15761"},{"taxonomy":"post_tag","embeddable":true,"href":"https:\/\/catolicanet.net\/wp-cnet\/wp-json\/wp\/v2\/tags?post=15761"}],"curies":[{"name":"wp","href":"https:\/\/api.w.org\/{rel}","templated":true}]}}