{"id":1576,"date":"2012-03-19T17:27:08","date_gmt":"2012-03-19T20:27:08","guid":{"rendered":"http:\/\/catolicanet.net\/wp-cnet\/mj-rio2013-os-preparativos-continuam\/"},"modified":"2017-03-20T15:14:42","modified_gmt":"2017-03-20T18:14:42","slug":"mj-rio2013-os-preparativos-continuam","status":"publish","type":"post","link":"https:\/\/catolicanet.net\/wp-cnet\/mj-rio2013-os-preparativos-continuam\/","title":{"rendered":"JMJ Rio2013: os preparativos continuam"},"content":{"rendered":"<p style=\"text-align: justify;\">O Presidente do Pontif\u00edcio Conselho para os Leigos, Cardeal Stanislaw Rylko, visitou no in\u00edcio de mar\u00e7o o Rio de Janeiro no \u00e2mbito da prepara\u00e7\u00e3o para a Jornada Mundial da Juventude Rio2013. Na sua visita encontrou-se com o Comit\u00ea Organizador Local (COL) da JMJ, presidido pelo Arcebispo do Rio de Janeiro, Dom Orani Jo\u00e3o Tempesta. Presente nesta visita o sacerdote dehoninano, colaborador da R\u00e1dio Vaticano, An\u00edsio Jos\u00e9, que nos contou como foi a visita.<\/p>\n<p style=\"text-align: justify;\">\u00a0<\/p>\n<p style=\"text-align: justify;\">\u00a0<\/p>\n<p style=\"text-align: justify;\">\u00a0<\/p>\n<p style=\"text-align: justify;\">\u00a0<\/p>\n<p style=\"text-align: justify;\">\u00a0<\/p>\n<p style=\"text-align: justify;\">Fonte: R\u00e1dio Vaticano<br \/>Local:Cidade do Vaticano<\/p>\n","protected":false},"excerpt":{"rendered":"<p>O Presidente do Pontif\u00edcio Conselho para os Leigos, Cardeal Stanislaw Rylko, visitou no in\u00edcio de mar\u00e7o o Rio de Janeiro no \u00e2mbito da prepara\u00e7\u00e3o para a Jornada Mundial da Juventude Rio2013. Na sua visita encontrou-se com o Comit\u00ea Organizador Local (COL) da JMJ, presidido pelo Arcebispo do Rio de Janeiro, Dom Orani Jo\u00e3o Tempesta. Presente [&hellip;]<\/p>\n","protected":false},"author":1,"featured_media":0,"comment_status":"closed","ping_status":"closed","sticky":false,"template":"","format":"standard","meta":{"footnotes":""},"categories":[4],"tags":[],"class_list":["post-1576","post","type-post","status-publish","format-standard","hentry","category-cotidiano"],"_links":{"self":[{"href":"https:\/\/catolicanet.net\/wp-cnet\/wp-json\/wp\/v2\/posts\/1576","targetHints":{"allow":["GET"]}}],"collection":[{"href":"https:\/\/catolicanet.net\/wp-cnet\/wp-json\/wp\/v2\/posts"}],"about":[{"href":"https:\/\/catolicanet.net\/wp-cnet\/wp-json\/wp\/v2\/types\/post"}],"author":[{"embeddable":true,"href":"https:\/\/catolicanet.net\/wp-cnet\/wp-json\/wp\/v2\/users\/1"}],"replies":[{"embeddable":true,"href":"https:\/\/catolicanet.net\/wp-cnet\/wp-json\/wp\/v2\/comments?post=1576"}],"version-history":[{"count":1,"href":"https:\/\/catolicanet.net\/wp-cnet\/wp-json\/wp\/v2\/posts\/1576\/revisions"}],"predecessor-version":[{"id":6770,"href":"https:\/\/catolicanet.net\/wp-cnet\/wp-json\/wp\/v2\/posts\/1576\/revisions\/6770"}],"wp:attachment":[{"href":"https:\/\/catolicanet.net\/wp-cnet\/wp-json\/wp\/v2\/media?parent=1576"}],"wp:term":[{"taxonomy":"category","embeddable":true,"href":"https:\/\/catolicanet.net\/wp-cnet\/wp-json\/wp\/v2\/categories?post=1576"},{"taxonomy":"post_tag","embeddable":true,"href":"https:\/\/catolicanet.net\/wp-cnet\/wp-json\/wp\/v2\/tags?post=1576"}],"curies":[{"name":"wp","href":"https:\/\/api.w.org\/{rel}","templated":true}]}}