{"id":15759,"date":"2016-06-29T19:13:51","date_gmt":"2016-06-29T22:13:51","guid":{"rendered":"http:\/\/catolicanet.net\/wp-cnet\/2016\/06\/29\/curso-historia-da-liturgia-catolica-2016\/"},"modified":"2017-05-31T10:11:35","modified_gmt":"2017-05-31T13:11:35","slug":"curso-historia-da-liturgia-catolica-2016","status":"publish","type":"post","link":"https:\/\/catolicanet.net\/wp-cnet\/curso-historia-da-liturgia-catolica-2016\/","title":{"rendered":"Curso Hist\u00f3ria da Liturgia Cat\u00f3lica 2016"},"content":{"rendered":"<p style=\"text-align: justify;\">Par\u00f3quia Nossa Senhora M\u00e3e da Igreja<br \/>Alameda Franca 889 &#8211; Tel. 3085-62- inscri\u00e7\u00f5es abertas. R$ 200,00<br \/>Aulas \u00e0s 4\u00aa feiras das 19hs \u00e0s 21hs<br \/>Professor Gabriel Frade &#8211; Faculdade de Filosofia S\u00e3o Bento<\/p>\n<p>1\u00aa Aula- Dia 3 de agosto<br \/>Apresenta\u00e7\u00e3o do curso &#8211; bibliografia <br \/>2\u00aa Aula \u2013 Dia 10 de agosto<br \/>A liturgia: pressupostos do Antigo Testamento &#8211; Mundo Judaico<br \/>3\u00aa Aula \u2013 Dia 17 de agosto<br \/>A liturgia no Novo Testamento<br \/>4\u00aa Aula \u2013 Dia 24 de agosto<br \/>A liturgia nos primeiros s\u00e9culos da Igreja<br \/>5\u00aa Aula \u2013 Dia 31 de agosto <br \/>A liturgia nos primeiros s\u00e9culos da Igreja<br \/>6\u00aa Aula \u2013 Dia 14 de setembro<br \/>O mundo medieval e a liturgia<br \/>7\u00aa Aula \u2013 Dia 21 de setembro<br \/>A reforma e o conc\u00edlio de Trento<br \/>8\u00aa Aula \u2013 Dia 28 de setembro<br \/>A liturgia no per\u00edodo do Tridentinismo<br \/>9\u00aa Aula \u2013 Dia 5 de outubro<br \/>O movimento lit\u00fargico e a reforma lit\u00fargica do conc. Vaticano II<br \/>10\u00aa Aula \u2013 Dia 19 de outubro<br \/>A constitui\u00e7\u00e3o Sacrosanctum concilium <br \/>11\u00aa Aula \u2013 Dia 26 de outubro<br \/>A constitui\u00e7\u00e3o Sacrosanctum concilium <br \/>12\u00aa Aula \u2013 Dia 9 de novembro<br \/>A incultura\u00e7\u00e3o da liturgia e desafios atuais<\/p>\n<p style=\"text-align: justify;\">\u00a0<\/p>\n<p style=\"text-align: justify;\">Fonte: N\u00facleo da F\u00e9 e Cultura<\/p>\n<p style=\"text-align: justify;\">\u00a0<\/p>\n<p style=\"text-align: justify;\">\u00a0<\/p>\n","protected":false},"excerpt":{"rendered":"<p>Par\u00f3quia Nossa Senhora M\u00e3e da IgrejaAlameda Franca 889 &#8211; Tel. 3085-62- inscri\u00e7\u00f5es abertas. R$ 200,00Aulas \u00e0s 4\u00aa feiras das 19hs \u00e0s 21hsProfessor Gabriel Frade &#8211; Faculdade de Filosofia S\u00e3o Bento 1\u00aa Aula- Dia 3 de agostoApresenta\u00e7\u00e3o do curso &#8211; bibliografia 2\u00aa Aula \u2013 Dia 10 de agostoA liturgia: pressupostos do Antigo Testamento &#8211; Mundo Judaico3\u00aa [&hellip;]<\/p>\n","protected":false},"author":1,"featured_media":0,"comment_status":"open","ping_status":"open","sticky":false,"template":"","format":"standard","meta":{"footnotes":""},"categories":[4],"tags":[],"class_list":["post-15759","post","type-post","status-publish","format-standard","hentry","category-cotidiano"],"_links":{"self":[{"href":"https:\/\/catolicanet.net\/wp-cnet\/wp-json\/wp\/v2\/posts\/15759","targetHints":{"allow":["GET"]}}],"collection":[{"href":"https:\/\/catolicanet.net\/wp-cnet\/wp-json\/wp\/v2\/posts"}],"about":[{"href":"https:\/\/catolicanet.net\/wp-cnet\/wp-json\/wp\/v2\/types\/post"}],"author":[{"embeddable":true,"href":"https:\/\/catolicanet.net\/wp-cnet\/wp-json\/wp\/v2\/users\/1"}],"replies":[{"embeddable":true,"href":"https:\/\/catolicanet.net\/wp-cnet\/wp-json\/wp\/v2\/comments?post=15759"}],"version-history":[{"count":1,"href":"https:\/\/catolicanet.net\/wp-cnet\/wp-json\/wp\/v2\/posts\/15759\/revisions"}],"predecessor-version":[{"id":25679,"href":"https:\/\/catolicanet.net\/wp-cnet\/wp-json\/wp\/v2\/posts\/15759\/revisions\/25679"}],"wp:attachment":[{"href":"https:\/\/catolicanet.net\/wp-cnet\/wp-json\/wp\/v2\/media?parent=15759"}],"wp:term":[{"taxonomy":"category","embeddable":true,"href":"https:\/\/catolicanet.net\/wp-cnet\/wp-json\/wp\/v2\/categories?post=15759"},{"taxonomy":"post_tag","embeddable":true,"href":"https:\/\/catolicanet.net\/wp-cnet\/wp-json\/wp\/v2\/tags?post=15759"}],"curies":[{"name":"wp","href":"https:\/\/api.w.org\/{rel}","templated":true}]}}