{"id":15756,"date":"2016-06-29T17:22:42","date_gmt":"2016-06-29T20:22:42","guid":{"rendered":"http:\/\/catolicanet.net\/wp-cnet\/2016\/06\/29\/asiapaquistao-um-plano-nacional-e-um-qnumero-verdeq-para-a-tutela-dos-direitos-humanos\/"},"modified":"2017-05-31T10:11:36","modified_gmt":"2017-05-31T13:11:36","slug":"asiapaquistao-um-plano-nacional-e-um-qnumero-verdeq-para-a-tutela-dos-direitos-humanos","status":"publish","type":"post","link":"https:\/\/catolicanet.net\/wp-cnet\/asiapaquistao-um-plano-nacional-e-um-qnumero-verdeq-para-a-tutela-dos-direitos-humanos\/","title":{"rendered":"\u00c1SIA\/PAQUIST\u00c3O &#8211; Um plano nacional e um &#8220;n\u00famero verde&#8221; para a tutela dos direitos humanos"},"content":{"rendered":"<p style=\"text-align: justify;\"><img decoding=\"async\" src=\"http:\/\/www.catolicanet.com.br\/images\/stories\/noticias\/primopiano_2003.jpg\" border=\"0\" align=\"left\" \/>Islamabad (Ag\u00eancia Fides) &#8211; A &#8220;n\u00famero verde&#8221; gratuito para os cidad\u00e3os, que funciona 24 horas por dia, para denunciar as viola\u00e7\u00f5es dos direitos humanos e fornecer a primeira assist\u00eancia jur\u00eddica \u00e0s v\u00edtimas: \u00e9 a iniciativa lan\u00e7ada pelo Minist\u00e9rio Federal para os Direitos Humanos guiado, a cerca de um m\u00eas, pelo senador crist\u00e3o paquistan\u00eas Kamran Michael. Conforme relatado \u00e0 Fides, o ministro, que acaba de come\u00e7ar seu trabalho no \u00e2mbito federal, tamb\u00e9m prometeu criar comiss\u00f5es localis de direitos humanos a n\u00edvel provincial e distrital, estabelecidas pelo governo, a fim de &#8220;criar uma rede que possa manter o controle efetivo das viola\u00e7\u00f5es dos direitos humanos no Paquist\u00e3o e fornecer uma resposta r\u00e1pida das institui\u00e7\u00f5es&#8221;.<br \/>O Ministro Michael tomou nota dos epis\u00f3dios crescentes de crimes de honra e de viol\u00eancia contra as mulheres, anunciando que o seu Minist\u00e9rio est\u00e1 realizando v\u00e1rias iniciativas administrativas e pol\u00edticas para combater essa viol\u00eancia generalizada na sociedade. Est\u00e3o sendo estudadas, segundo Fides, as &#8220;Diretrizes&#8221; nacionais a respeito de &#8220;viol\u00eancia de g\u00eanero&#8221;. Estes projetos fazem parte de um plano global que pretende atuar no \u00e2mbito cultural e de mentalidade, informou o ministro: um programa vasto e diversificado que visa sensibilizar a opini\u00e3o p\u00fablica sobre as quest\u00f5es de direitos humanos, concentrando-se em temas como o direito \u00e0 vida, dignidade da vida humana, toler\u00e2ncia e harmonia religiosa, com especial aten\u00e7\u00e3o aos direitos das mulheres, das minorias, crian\u00e7as, idosos e pessoas com defici\u00eancia. O programa, anunciou Michael, inclui uma sa\u00edda no or\u00e7amento do Estado de 250 milh\u00f5es de r\u00fapias para o ano 2016-2017.<\/p>\n<p style=\"text-align: justify;\">\u00a0<\/p>\n<p style=\"text-align: justify;\">Fonte: Ag\u00eancia Fides<\/p>\n","protected":false},"excerpt":{"rendered":"<p>Islamabad (Ag\u00eancia Fides) &#8211; A &#8220;n\u00famero verde&#8221; gratuito para os cidad\u00e3os, que funciona 24 horas por dia, para denunciar as viola\u00e7\u00f5es dos direitos humanos e fornecer a primeira assist\u00eancia jur\u00eddica \u00e0s v\u00edtimas: \u00e9 a iniciativa lan\u00e7ada pelo Minist\u00e9rio Federal para os Direitos Humanos guiado, a cerca de um m\u00eas, pelo senador crist\u00e3o paquistan\u00eas Kamran Michael. [&hellip;]<\/p>\n","protected":false},"author":1,"featured_media":15755,"comment_status":"open","ping_status":"open","sticky":false,"template":"","format":"standard","meta":{"footnotes":""},"categories":[4],"tags":[],"class_list":["post-15756","post","type-post","status-publish","format-standard","has-post-thumbnail","hentry","category-cotidiano"],"_links":{"self":[{"href":"https:\/\/catolicanet.net\/wp-cnet\/wp-json\/wp\/v2\/posts\/15756","targetHints":{"allow":["GET"]}}],"collection":[{"href":"https:\/\/catolicanet.net\/wp-cnet\/wp-json\/wp\/v2\/posts"}],"about":[{"href":"https:\/\/catolicanet.net\/wp-cnet\/wp-json\/wp\/v2\/types\/post"}],"author":[{"embeddable":true,"href":"https:\/\/catolicanet.net\/wp-cnet\/wp-json\/wp\/v2\/users\/1"}],"replies":[{"embeddable":true,"href":"https:\/\/catolicanet.net\/wp-cnet\/wp-json\/wp\/v2\/comments?post=15756"}],"version-history":[{"count":1,"href":"https:\/\/catolicanet.net\/wp-cnet\/wp-json\/wp\/v2\/posts\/15756\/revisions"}],"predecessor-version":[{"id":25681,"href":"https:\/\/catolicanet.net\/wp-cnet\/wp-json\/wp\/v2\/posts\/15756\/revisions\/25681"}],"wp:featuredmedia":[{"embeddable":true,"href":"https:\/\/catolicanet.net\/wp-cnet\/wp-json\/wp\/v2\/media\/15755"}],"wp:attachment":[{"href":"https:\/\/catolicanet.net\/wp-cnet\/wp-json\/wp\/v2\/media?parent=15756"}],"wp:term":[{"taxonomy":"category","embeddable":true,"href":"https:\/\/catolicanet.net\/wp-cnet\/wp-json\/wp\/v2\/categories?post=15756"},{"taxonomy":"post_tag","embeddable":true,"href":"https:\/\/catolicanet.net\/wp-cnet\/wp-json\/wp\/v2\/tags?post=15756"}],"curies":[{"name":"wp","href":"https:\/\/api.w.org\/{rel}","templated":true}]}}