{"id":15750,"date":"2016-06-29T15:14:13","date_gmt":"2016-06-29T18:14:13","guid":{"rendered":"http:\/\/catolicanet.net\/wp-cnet\/2016\/06\/29\/a-familia-em-africa-tema-da-17o-assembleia-plenaria-do-sceam\/"},"modified":"2017-06-02T09:35:26","modified_gmt":"2017-06-02T12:35:26","slug":"a-familia-em-africa-tema-da-17o-assembleia-plenaria-do-sceam","status":"publish","type":"post","link":"https:\/\/catolicanet.net\/wp-cnet\/a-familia-em-africa-tema-da-17o-assembleia-plenaria-do-sceam\/","title":{"rendered":"A fam\u00edlia em \u00c1frica: tema da 17\u00aa Assembleia Plen\u00e1ria do SCEAM"},"content":{"rendered":"<p style=\"text-align: justify;\"><img decoding=\"async\" src=\"http:\/\/www.catolicanet.com.br\/images\/stories\/noticias\/rv3670_articolo.jpg\" border=\"0\" align=\"left\" \/>A Menos de um m\u00eas da 17\u00aa Assembleia Plen\u00e1ria do Simp\u00f3sio das Confer\u00eancias Episcopais da \u00c1frica e Madag\u00e1scar (SCEAM), os preparativos est\u00e3o em andamento para acolher mais de uma centena de representantes da Igreja Cat\u00f3lica na capital angolana, Luanda.<\/p>\n<p>Reflex\u00e3o \u00e0 luz da Exorta\u00e7\u00e3o Apost\u00f3lica &#8220;Amoris Laetitia&#8221;<\/p>\n<p>Realizada a cada tr\u00eas anos, a Assembleia de 2016 ser\u00e1 realizada de 18 a 24 Julho e ter\u00e1 como tema &#8220;A fam\u00edlia em\u00a0 \u00c1frica, ontem, hoje e amanh\u00e3, \u00e0 luz do Evangelho&#8221;. Uma reflex\u00e3o de grande atualidade, tirada da Exorta\u00e7\u00e3o Apost\u00f3lica \u201cAmoris Laetitia\u201d, sobre o amor na fam\u00edlia, da autoria do Papa Francisco, e que\u00a0 \u00e9 o resultado dos dois S\u00ednodos sobre a fam\u00edlia, realizados no Vaticano em 2014 e em 2015.<\/p>\n<p>Novos M\u00eddias e novas ideologias: Que impacto sobre a fam\u00edlia Africana?<\/p>\n<p>Ap\u00f3s a palestra introdut\u00f3ria, o Presidente do SCEAM, Dom Gabriel Mbilingi, Arcebispo do Lubango, os trabalhos continuar\u00e3o com uma s\u00e9rie de semin\u00e1rios, divididos por t\u00f3picos. Temas como, os novos desafios pastorais da fam\u00edlia africana hoje; a quest\u00e3o da evangeliza\u00e7\u00e3o das fam\u00edlias; o impacto dos novos meios de comunica\u00e7\u00e3o, bem como novas ideologias, ser\u00e3o analisados. Tudo com o objectivo de refor\u00e7ar e intensificar o empenho do SCEAM para as fam\u00edlias do continente.<\/p>\n<p>Organismo criado pelo Papa Paulo VI em 1969<\/p>\n<p>Durante os encontros ser\u00e3o apresentadas tamb\u00e9m as actas finais da 16\u00aa Assembleia Plen\u00e1ria, realizada em 2013, em Kinshasa, na Rep\u00fablica Democr\u00e1tica do Congo. Ser\u00e3o, igualmente analisados os relat\u00f3rios elaborados pelos diferentes departamentos que comp\u00f5em o SCEAM.\u00a0 Para 23 de Julho, est\u00e1 tamb\u00e9m previsto o an\u00fancio do tema, do local e da data da 18\u00aa Assembleia Plen\u00e1ria. De lembrar que o\u00a0 SCEAM foi oficialmente criado em 1969 pelo Papa Paulo VI, durante sua visita ao Uganda &#8211; a primeira vez que um pont\u00edfice visitou a \u00c1frica. O SCEAM caminha, portanto, para\u00a0 meio s\u00e9culo de exist\u00eancia, efem\u00e9ride que ocorrer\u00e1 em 2019.<\/p>\n<p style=\"text-align: justify;\">\u00a0<\/p>\n<p style=\"text-align: justify;\">Fonte: R\u00e1dio Vaticano<\/p>\n","protected":false},"excerpt":{"rendered":"<p>A Menos de um m\u00eas da 17\u00aa Assembleia Plen\u00e1ria do Simp\u00f3sio das Confer\u00eancias Episcopais da \u00c1frica e Madag\u00e1scar (SCEAM), os preparativos est\u00e3o em andamento para acolher mais de uma centena de representantes da Igreja Cat\u00f3lica na capital angolana, Luanda. Reflex\u00e3o \u00e0 luz da Exorta\u00e7\u00e3o Apost\u00f3lica &#8220;Amoris Laetitia&#8221; Realizada a cada tr\u00eas anos, a Assembleia de [&hellip;]<\/p>\n","protected":false},"author":1,"featured_media":15749,"comment_status":"open","ping_status":"open","sticky":false,"template":"","format":"standard","meta":{"footnotes":""},"categories":[3],"tags":[],"class_list":["post-15750","post","type-post","status-publish","format-standard","has-post-thumbnail","hentry","category-vaticano"],"_links":{"self":[{"href":"https:\/\/catolicanet.net\/wp-cnet\/wp-json\/wp\/v2\/posts\/15750","targetHints":{"allow":["GET"]}}],"collection":[{"href":"https:\/\/catolicanet.net\/wp-cnet\/wp-json\/wp\/v2\/posts"}],"about":[{"href":"https:\/\/catolicanet.net\/wp-cnet\/wp-json\/wp\/v2\/types\/post"}],"author":[{"embeddable":true,"href":"https:\/\/catolicanet.net\/wp-cnet\/wp-json\/wp\/v2\/users\/1"}],"replies":[{"embeddable":true,"href":"https:\/\/catolicanet.net\/wp-cnet\/wp-json\/wp\/v2\/comments?post=15750"}],"version-history":[{"count":1,"href":"https:\/\/catolicanet.net\/wp-cnet\/wp-json\/wp\/v2\/posts\/15750\/revisions"}],"predecessor-version":[{"id":27613,"href":"https:\/\/catolicanet.net\/wp-cnet\/wp-json\/wp\/v2\/posts\/15750\/revisions\/27613"}],"wp:featuredmedia":[{"embeddable":true,"href":"https:\/\/catolicanet.net\/wp-cnet\/wp-json\/wp\/v2\/media\/15749"}],"wp:attachment":[{"href":"https:\/\/catolicanet.net\/wp-cnet\/wp-json\/wp\/v2\/media?parent=15750"}],"wp:term":[{"taxonomy":"category","embeddable":true,"href":"https:\/\/catolicanet.net\/wp-cnet\/wp-json\/wp\/v2\/categories?post=15750"},{"taxonomy":"post_tag","embeddable":true,"href":"https:\/\/catolicanet.net\/wp-cnet\/wp-json\/wp\/v2\/tags?post=15750"}],"curies":[{"name":"wp","href":"https:\/\/api.w.org\/{rel}","templated":true}]}}