{"id":15732,"date":"2016-06-29T12:47:05","date_gmt":"2016-06-29T15:47:05","guid":{"rendered":"http:\/\/catolicanet.net\/wp-cnet\/2016\/06\/29\/livro-traz-25-anos-de-relacoes-diplomaticas-entre-bulgaria-e-santa-se\/"},"modified":"2017-06-02T11:09:42","modified_gmt":"2017-06-02T14:09:42","slug":"livro-traz-25-anos-de-relacoes-diplomaticas-entre-bulgaria-e-santa-se","status":"publish","type":"post","link":"https:\/\/catolicanet.net\/wp-cnet\/livro-traz-25-anos-de-relacoes-diplomaticas-entre-bulgaria-e-santa-se\/","title":{"rendered":"Livro traz 25 anos de rela\u00e7\u00f5es diplom\u00e1ticas entre Bulg\u00e1ria e Santa S\u00e9"},"content":{"rendered":"<p style=\"text-align: justify;\"><img decoding=\"async\" src=\"http:\/\/www.catolicanet.com.br\/images\/stories\/noticias\/rv17159_articolo.jpg\" border=\"0\" align=\"left\" \/>Na esteira da solenidade dos santos ap\u00f3stolos Pedro e Paulo, celebrada em 29 de junho \u2013 festa da Santa S\u00e9 \u2013, vai ser apresentado na quinta-feira (30\/06), em S\u00f3fia, o livro \u201cBulg\u00e1ria e Santa S\u00e9. 25 anos de rela\u00e7\u00f5es diplom\u00e1ticas\u201d, publicado pela Livraria Editora Vaticana.<\/p>\n<p>A hist\u00f3rica viagem de S\u00e3o Jo\u00e3o Paulo II \u00e0 Bulg\u00e1ria<\/p>\n<p>O Cardeal Secret\u00e1rio de Estado, Pietro Parolin, que \u00e9 autor do pref\u00e1cio do livro, enviou uma mensagem especial para a ocasi\u00e3o. Participar\u00e3o da apresenta\u00e7\u00e3o, entre outros, o n\u00fancio apost\u00f3lico na Bulg\u00e1ria, Dom Anselmo Guido Pecorari, o presidente do Pontif\u00edcio Comit\u00ea das Ci\u00eancias Hist\u00f3ricas, Pe. Bernard Ardura, e o ex-rei Sime\u00e3o de Sax\u00f4nia Coburgo Gotha \u2013 premier da Bulg\u00e1ria durante a visita de Jo\u00e3o Paulo II em 2002.<\/p>\n<p>\u201cCertamente, a viagem do Papa foi o evento hist\u00f3rico mais importante nestes 25 anos repercorridos no volume atrav\u00e9s de uma excelente documenta\u00e7\u00e3o hist\u00f3rica\u201d, pondera o n\u00fancio apost\u00f3lico.<\/p>\n<p>A excepcional contribui\u00e7\u00e3o de Dom Angelo Roncalli, que mais tarde se tornou Papa Jo\u00e3o XXIII<\/p>\n<p>\u201c\u00c9 uma importante p\u00e1gina de hist\u00f3ria que oferece a oportunidade de reevocar alguns momentos significativos das vicissitudes religiosas b\u00falgaras e das rela\u00e7\u00f5es com a Santa S\u00e9\u201d, cujas origens mais remotas remontam \u00e0 Idade M\u00e9dia, afirma o respons\u00e1vel pela organiza\u00e7\u00e3o do volume, Prof. Kirill Plamen Kartaloff, que acrescenta:<\/p>\n<p>Uma parte da obra \u00e9 dedicada \u201c\u00e0 excepcional contribui\u00e7\u00e3o do primeiro delegado apost\u00f3lico em S\u00f3fia, Dom Giuseppe Angelo Roncalli, que mais tarde veio a tornar-se Papa Jo\u00e3o XXIII. Ele amava muito os b\u00falgaros e ainda hoje, aqui, chamam-no de o Papa \u201cb\u00falgaro\u201d.<\/p>\n<p style=\"text-align: justify;\">\u00a0<\/p>\n<p style=\"text-align: justify;\">Fonte: R\u00e1dio Vaticano<\/p>\n","protected":false},"excerpt":{"rendered":"<p>Na esteira da solenidade dos santos ap\u00f3stolos Pedro e Paulo, celebrada em 29 de junho \u2013 festa da Santa S\u00e9 \u2013, vai ser apresentado na quinta-feira (30\/06), em S\u00f3fia, o livro \u201cBulg\u00e1ria e Santa S\u00e9. 25 anos de rela\u00e7\u00f5es diplom\u00e1ticas\u201d, publicado pela Livraria Editora Vaticana. A hist\u00f3rica viagem de S\u00e3o Jo\u00e3o Paulo II \u00e0 Bulg\u00e1ria [&hellip;]<\/p>\n","protected":false},"author":1,"featured_media":15731,"comment_status":"open","ping_status":"open","sticky":false,"template":"","format":"standard","meta":{"footnotes":""},"categories":[3],"tags":[],"class_list":["post-15732","post","type-post","status-publish","format-standard","has-post-thumbnail","hentry","category-vaticano"],"_links":{"self":[{"href":"https:\/\/catolicanet.net\/wp-cnet\/wp-json\/wp\/v2\/posts\/15732","targetHints":{"allow":["GET"]}}],"collection":[{"href":"https:\/\/catolicanet.net\/wp-cnet\/wp-json\/wp\/v2\/posts"}],"about":[{"href":"https:\/\/catolicanet.net\/wp-cnet\/wp-json\/wp\/v2\/types\/post"}],"author":[{"embeddable":true,"href":"https:\/\/catolicanet.net\/wp-cnet\/wp-json\/wp\/v2\/users\/1"}],"replies":[{"embeddable":true,"href":"https:\/\/catolicanet.net\/wp-cnet\/wp-json\/wp\/v2\/comments?post=15732"}],"version-history":[{"count":1,"href":"https:\/\/catolicanet.net\/wp-cnet\/wp-json\/wp\/v2\/posts\/15732\/revisions"}],"predecessor-version":[{"id":28098,"href":"https:\/\/catolicanet.net\/wp-cnet\/wp-json\/wp\/v2\/posts\/15732\/revisions\/28098"}],"wp:featuredmedia":[{"embeddable":true,"href":"https:\/\/catolicanet.net\/wp-cnet\/wp-json\/wp\/v2\/media\/15731"}],"wp:attachment":[{"href":"https:\/\/catolicanet.net\/wp-cnet\/wp-json\/wp\/v2\/media?parent=15732"}],"wp:term":[{"taxonomy":"category","embeddable":true,"href":"https:\/\/catolicanet.net\/wp-cnet\/wp-json\/wp\/v2\/categories?post=15732"},{"taxonomy":"post_tag","embeddable":true,"href":"https:\/\/catolicanet.net\/wp-cnet\/wp-json\/wp\/v2\/tags?post=15732"}],"curies":[{"name":"wp","href":"https:\/\/api.w.org\/{rel}","templated":true}]}}